{"id":124515,"date":"2025-11-07T22:50:06","date_gmt":"2025-11-08T01:50:06","guid":{"rendered":"https:\/\/blogdoedvaldomagalhaes.com.br\/?p=124515"},"modified":"2025-11-07T23:21:33","modified_gmt":"2025-11-08T02:21:33","slug":"caruaru-e-oficializada-cidade-americana-do-esporte","status":"publish","type":"post","link":"https:\/\/blogdoedvaldomagalhaes.com.br\/index.php\/2025\/11\/07\/caruaru-e-oficializada-cidade-americana-do-esporte\/","title":{"rendered":"Caruaru \u00e9 oficializada Cidade Americana do Esporte"},"content":{"rendered":"<p><span style=\"font-size: revert;\">Caruaru mais uma vez mostrou sua grandeza ao conquistar um t\u00edtulo in\u00e9dito para a regi\u00e3o Nordeste. O munic\u00edpio se tornou a primeira Cidade Americana do Esporte da regi\u00e3o Nordeste, em avalia\u00e7\u00e3o da ACES Europe (Associa\u00e7\u00e3o das Capitais e Cidades Europeias do Esporte). A confirma\u00e7\u00e3o do t\u00edtulo ocorreu na noite desta sexta-feira (07), durante jantar promovido pela entidade no Maria Jos\u00e9 Recep\u00e7\u00f5es.<\/span><\/p>\n<p>Iniciado em 2024, o processo de candidatura de Caruaru envolveu diversas secretarias da Prefeitura, sob coordena\u00e7\u00e3o da Secretaria de Educa\u00e7\u00e3o e Esportes. A candidatura apresentou pilares fundamentais que sustentam o desenvolvimento esportivo no munic\u00edpio, como infraestrutura de qualidade, pol\u00edticas p\u00fablicas de incentivo, investimentos municipais cont\u00ednuos e a participa\u00e7\u00e3o ativa da popula\u00e7\u00e3o em pr\u00e1ticas esportivas e eventos comunit\u00e1rios.<\/p>\n<p>O selo de Cidade Americana do Esporte \u00e9 uma distin\u00e7\u00e3o de prest\u00edgio concedida pela ACES Europe, com respaldo da UNESCO e do Parlamento Europeu. Para conquistar o t\u00edtulo, Caruaru passou por um rigoroso processo de avalia\u00e7\u00e3o dividido em tr\u00eas fases, nas quais foram analisados crit\u00e9rios t\u00e9cnicos, sociais e de governan\u00e7a esportiva.<\/p>\n<p>Esse reconhecimento refor\u00e7a o papel de Caruaru como refer\u00eancia em pol\u00edticas p\u00fablicas voltadas ao esporte, inclus\u00e3o social e promo\u00e7\u00e3o da qualidade de vida. A laurea\u00e7\u00e3o tamb\u00e9m abre portas para novos investimentos, parcerias internacionais e interc\u00e2mbios esportivos, ampliando a visibilidade da cidade no cen\u00e1rio esportivo mundial.<\/p>\n<p>Com o t\u00edtulo, o munic\u00edpio poder\u00e1 desenvolver projetos de fomento ao esporte com incentivos p\u00fablicos e privados, fortalecendo ainda mais o setor, atraindo empresas e ampliando a capta\u00e7\u00e3o de recursos destinados \u00e0 \u00e1rea esportiva.<\/p>\n<p>\u201cEsse t\u00edtulo \u00e9 motivo de muito orgulho para todos os caruaruenses. \u00c9 o reconhecimento de um trabalho coletivo, que valoriza o esporte como instrumento de transforma\u00e7\u00e3o social e qualidade de vida. Caruaru \u00e9, hoje, refer\u00eancia n\u00e3o apenas em Pernambuco, mas em todo o Brasil\u201d, destacou o prefeito Rodrigo Pinheiro.<\/p>\n<p>\u201cCaruaru apresentou um projeto consistente, com pol\u00edticas p\u00fablicas efetivas e resultados concretos. \u00c9 uma cidade que vive o esporte e que demonstra, na pr\u00e1tica, o impacto positivo dessa cultura na vida das pessoas. Por isso, recebeu a nota m\u00e1xima e se torna um exemplo para toda a Am\u00e9rica\u201d, afirmou Nuno Santos, diretor executivo da ACES Europe.<\/p>\n","protected":false},"excerpt":{"rendered":"<p>Caruaru mais uma vez mostrou sua grandeza ao conquistar um t\u00edtulo in\u00e9dito para a regi\u00e3o Nordeste. O munic\u00edpio se tornou&hellip;<\/p>\n","protected":false},"author":1,"featured_media":124516,"comment_status":"closed","ping_status":"open","sticky":false,"template":"","format":"standard","meta":{"footnotes":""},"categories":[14120],"tags":[13146,35221,34634],"class_list":["post-124515","post","type-post","status-publish","format-standard","has-post-thumbnail","hentry","category-noticias","tag-blog-edvaldo-magalhaes","tag-caruaru-e-oficializada-cidade-americana-do-esporte","tag-portal-edvaldo-magalhaes"],"_links":{"self":[{"href":"https:\/\/blogdoedvaldomagalhaes.com.br\/index.php\/wp-json\/wp\/v2\/posts\/124515","targetHints":{"allow":["GET"]}}],"collection":[{"href":"https:\/\/blogdoedvaldomagalhaes.com.br\/index.php\/wp-json\/wp\/v2\/posts"}],"about":[{"href":"https:\/\/blogdoedvaldomagalhaes.com.br\/index.php\/wp-json\/wp\/v2\/types\/post"}],"author":[{"embeddable":true,"href":"https:\/\/blogdoedvaldomagalhaes.com.br\/index.php\/wp-json\/wp\/v2\/users\/1"}],"replies":[{"embeddable":true,"href":"https:\/\/blogdoedvaldomagalhaes.com.br\/index.php\/wp-json\/wp\/v2\/comments?post=124515"}],"version-history":[{"count":2,"href":"https:\/\/blogdoedvaldomagalhaes.com.br\/index.php\/wp-json\/wp\/v2\/posts\/124515\/revisions"}],"predecessor-version":[{"id":124518,"href":"https:\/\/blogdoedvaldomagalhaes.com.br\/index.php\/wp-json\/wp\/v2\/posts\/124515\/revisions\/124518"}],"wp:featuredmedia":[{"embeddable":true,"href":"https:\/\/blogdoedvaldomagalhaes.com.br\/index.php\/wp-json\/wp\/v2\/media\/124516"}],"wp:attachment":[{"href":"https:\/\/blogdoedvaldomagalhaes.com.br\/index.php\/wp-json\/wp\/v2\/media?parent=124515"}],"wp:term":[{"taxonomy":"category","embeddable":true,"href":"https:\/\/blogdoedvaldomagalhaes.com.br\/index.php\/wp-json\/wp\/v2\/categories?post=124515"},{"taxonomy":"post_tag","embeddable":true,"href":"https:\/\/blogdoedvaldomagalhaes.com.br\/index.php\/wp-json\/wp\/v2\/tags?post=124515"}],"curies":[{"name":"wp","href":"https:\/\/api.w.org\/{rel}","templated":true}]}}