{"id":1245,"date":"2018-09-22T01:38:00","date_gmt":"2018-09-22T04:38:00","guid":{"rendered":"http:\/\/blogdoedvaldomagalhaes.com.br\/index.php\/2018\/09\/22\/rede-expulsa-julio-lossio-e-ira-retirar\/"},"modified":"2019-02-09T02:31:51","modified_gmt":"2019-02-09T04:31:51","slug":"rede-expulsa-julio-lossio-e-ira-retirar","status":"publish","type":"post","link":"https:\/\/blogdoedvaldomagalhaes.com.br\/index.php\/2018\/09\/22\/rede-expulsa-julio-lossio-e-ira-retirar\/","title":{"rendered":"Rede expulsa Julio Lossio e ir\u00e1 retirar a sua candidatura a governador"},"content":{"rendered":"<div class=\"separator\" style=\"clear: both; text-align: center;\">\n<\/div>\n<p><a href=\"https:\/\/2.bp.blogspot.com\/-TbtVqjv2Skc\/W6WcIOYd8gI\/AAAAAAAA6bI\/KNerASiF3sUcsQ0EhhWvJmShqw-XvTH7ACLcBGAs\/s1600\/julio.jpg\" imageanchor=\"1\" style=\"margin-left: 1em; margin-right: 1em; text-align: center;\"><img loading=\"lazy\" decoding=\"async\" border=\"0\" data-original-height=\"522\" data-original-width=\"930\" height=\"354\" src=\"http:\/\/blogdoedvaldomagalhaes.com.br\/wp-content\/uploads\/2018\/09\/julio.jpg\" width=\"640\" \/><\/a><\/p>\n<div style=\"background-color: white; border: 0px; margin-bottom: 1.5em; outline: 0px; padding: 0px; text-align: justify; vertical-align: baseline;\">\n<strong style=\"border: 0px; font-style: inherit; margin: 0px; outline: 0px; padding: 0px; vertical-align: baseline;\"><br \/><\/strong><\/div>\n<div style=\"background-color: white; border: 0px; margin-bottom: 1.5em; outline: 0px; padding: 0px; text-align: justify; vertical-align: baseline;\">\n<strong style=\"border: 0px; font-style: inherit; margin: 0px; outline: 0px; padding: 0px; vertical-align: baseline;\">Nota oficial da Rede<\/strong><\/div>\n<div style=\"background-color: white; border: 0px; margin-bottom: 1.5em; outline: 0px; padding: 0px; text-align: justify; vertical-align: baseline;\">\nExecutiva Nacional da REDE Sustentabilidade, deliberou, por unanimidade, nesta sexta-feira, dia 21, a&nbsp;expuls\u00e3o do agora ex-filiado Julio Lossio.<\/div>\n<div style=\"background-color: white; border: 0px; margin-bottom: 1.5em; outline: 0px; padding: 0px; text-align: justify; vertical-align: baseline;\">\nA decis\u00e3o foi tomada ap\u00f3s an\u00e1lise da defesa apresentada pelo pol\u00edtico, que respondeu a processo \u00e9tico disciplinar interno por realizar alian\u00e7a n\u00e3o aprovada em Conven\u00e7\u00e3o Eleitoral com partido pol\u00edtico advers\u00e1rio.&nbsp; O ato praticado pelo ex-filiado \u00e9 &nbsp;infidelidade partid\u00e1ria de acordo com &nbsp;a Lei das Elei\u00e7\u00f5es (Lei 9.504\/1997) e a Lei dos Partidos Pol\u00edticos (Lei 9.096\/95), e ainda viola &nbsp;os princ\u00edpios e valores da REDE Sustentabilidade.<\/div>\n<div style=\"background-color: white; border: 0px; margin-bottom: 1.5em; outline: 0px; padding: 0px; text-align: justify; vertical-align: baseline;\">\nEm decorr\u00eancia da decis\u00e3o de expuls\u00e3o, a REDE Sustentabilidade pedir\u00e1, junto \u00e0 Justi\u00e7a Eleitoral, o cancelamento do registro de candidatura de Julio Lossio ao governo do estado de Pernambuco.<\/div>\n<div style=\"background-color: white; border: 0px; margin-bottom: 1.5em; outline: 0px; padding: 0px; text-align: justify; vertical-align: baseline;\">\nComiss\u00e3o Executiva Nacional da REDE Sustentabilidade<\/p>\n<div class=\"separator\" style=\"clear: both; text-align: center;\">\n<a href=\"https:\/\/2.bp.blogspot.com\/-ysLCyJlc_f8\/W6WdYDMiEZI\/AAAAAAAA6bU\/mXDCOAYhH74zimnLIrBenILjz1kjY5ougCLcBGAs\/s1600\/rede.jpg\" imageanchor=\"1\" style=\"margin-left: 1em; margin-right: 1em;\"><img loading=\"lazy\" decoding=\"async\" border=\"0\" data-original-height=\"539\" data-original-width=\"960\" height=\"354\" src=\"http:\/\/blogdoedvaldomagalhaes.com.br\/wp-content\/uploads\/2018\/09\/rede.jpg\" width=\"640\" \/><\/a><\/div>\n<p><\/p>\n<div style=\"border: 0px; margin-bottom: 1.5em; outline: 0px; padding: 0px; text-align: justify; vertical-align: baseline;\">\n<strong style=\"border: 0px; font-style: inherit; margin: 0px; outline: 0px; padding: 0px; vertical-align: baseline;\">Nota de Esclarecimento de J\u00falio Lossio<\/strong><\/div>\n<div style=\"border: 0px; margin-bottom: 1.5em; outline: 0px; padding: 0px; text-align: justify; vertical-align: baseline;\">\nApesar de ainda n\u00e3o ter sido notificado da decis\u00e3o, em rela\u00e7\u00e3o \u00e0 publica\u00e7\u00e3o feita no site da REDE Sustentabilidade, venho esclarecer:<\/div>\n<div style=\"border: 0px; margin-bottom: 1.5em; outline: 0px; padding: 0px; text-align: justify; vertical-align: baseline;\">\nA legisla\u00e7\u00e3o garante que um filiado a partido pol\u00edtico somente pode ser expulso por processo disciplinar em sejam garantidos o contradit\u00f3rio, a ampla defesa e o devido processo legal.<\/div>\n<div style=\"border: 0px; margin-bottom: 1.5em; outline: 0px; padding: 0px; text-align: justify; vertical-align: baseline;\">\nContudo, numa manifesta\u00e7\u00e3o opressiva e antidemocr\u00e1tica, a REDE decidiu pela minha expuls\u00e3o sum\u00e1ria, sem nenhum respeito a essas sagradas garantias constitucionais.<\/div>\n<div style=\"border: 0px; margin-bottom: 1.5em; outline: 0px; padding: 0px; text-align: justify; vertical-align: baseline;\">\nA campanha seguir\u00e1 normalmente at\u00e9 a decis\u00e3o da Justi\u00e7a Eleitoral, quem efetivamente tem compet\u00eancia para dar a palavra final sobre o tema e deliberar sobre eventual pedido de cancelamento de registro de candidatura.<\/div>\n<div style=\"border: 0px; margin-bottom: 1.5em; outline: 0px; padding: 0px; text-align: justify; vertical-align: baseline;\">\nConfio no Poder Judici\u00e1rio e tenho convic\u00e7\u00e3o de que esse ato arbitr\u00e1rio ser\u00e1 revisto pelo Egr\u00e9gio Tribunal Regional Eleitoral de Pernambuco.<\/div>\n<div style=\"border: 0px; margin-bottom: 1.5em; outline: 0px; padding: 0px; text-align: justify; vertical-align: baseline;\">\nOs partidos pol\u00edticos n\u00e3o podem pregar a democracia da \u201cporta pra fora\u201d e funcionar com uma ditadura da \u201cporta pra dentro\u201d. A democracia intrapartid\u00e1ria exige respeito aos direitos fundamentais dos filiados, tal como previsto na nossa valorosa Constitui\u00e7\u00e3o.<\/div>\n<div style=\"border: 0px; margin-bottom: 1.5em; outline: 0px; padding: 0px; text-align: justify; vertical-align: baseline;\">\nJulio Lossio<\/div>\n<p><\/p>\n<div style=\"border: 0px; margin-bottom: 1.5em; outline: 0px; padding: 0px; text-align: justify; vertical-align: baseline;\">\nCandidato a Governador de Pernambuco<\/div>\n<\/div>\n","protected":false},"excerpt":{"rendered":"<p>Nota oficial da Rede Executiva Nacional da REDE Sustentabilidade, deliberou, por unanimidade, nesta sexta-feira, dia 21, a&nbsp;expuls\u00e3o do agora ex-filiado&hellip;<\/p>\n","protected":false},"author":1,"featured_media":0,"comment_status":"open","ping_status":"open","sticky":false,"template":"","format":"standard","meta":{"footnotes":""},"categories":[1],"tags":[2,20,1202],"class_list":["post-1245","post","type-post","status-publish","format-standard","hentry","category-sem-categoria","tag-blog-do-edvaldo-magalhaes","tag-politica","tag-rede-expulsa-julio-lossio-e-ira-retirar-a-sua-candidatura-a-governador"],"_links":{"self":[{"href":"https:\/\/blogdoedvaldomagalhaes.com.br\/index.php\/wp-json\/wp\/v2\/posts\/1245","targetHints":{"allow":["GET"]}}],"collection":[{"href":"https:\/\/blogdoedvaldomagalhaes.com.br\/index.php\/wp-json\/wp\/v2\/posts"}],"about":[{"href":"https:\/\/blogdoedvaldomagalhaes.com.br\/index.php\/wp-json\/wp\/v2\/types\/post"}],"author":[{"embeddable":true,"href":"https:\/\/blogdoedvaldomagalhaes.com.br\/index.php\/wp-json\/wp\/v2\/users\/1"}],"replies":[{"embeddable":true,"href":"https:\/\/blogdoedvaldomagalhaes.com.br\/index.php\/wp-json\/wp\/v2\/comments?post=1245"}],"version-history":[{"count":1,"href":"https:\/\/blogdoedvaldomagalhaes.com.br\/index.php\/wp-json\/wp\/v2\/posts\/1245\/revisions"}],"predecessor-version":[{"id":34253,"href":"https:\/\/blogdoedvaldomagalhaes.com.br\/index.php\/wp-json\/wp\/v2\/posts\/1245\/revisions\/34253"}],"wp:attachment":[{"href":"https:\/\/blogdoedvaldomagalhaes.com.br\/index.php\/wp-json\/wp\/v2\/media?parent=1245"}],"wp:term":[{"taxonomy":"category","embeddable":true,"href":"https:\/\/blogdoedvaldomagalhaes.com.br\/index.php\/wp-json\/wp\/v2\/categories?post=1245"},{"taxonomy":"post_tag","embeddable":true,"href":"https:\/\/blogdoedvaldomagalhaes.com.br\/index.php\/wp-json\/wp\/v2\/tags?post=1245"}],"curies":[{"name":"wp","href":"https:\/\/api.w.org\/{rel}","templated":true}]}}