{"id":124201,"date":"2025-10-30T10:06:15","date_gmt":"2025-10-30T13:06:15","guid":{"rendered":"https:\/\/blogdoedvaldomagalhaes.com.br\/?p=124201"},"modified":"2025-10-30T10:06:15","modified_gmt":"2025-10-30T13:06:15","slug":"campanha-de-vacinacao-antirrabica-sera-realizada-neste-sabado-1o","status":"publish","type":"post","link":"https:\/\/blogdoedvaldomagalhaes.com.br\/index.php\/2025\/10\/30\/campanha-de-vacinacao-antirrabica-sera-realizada-neste-sabado-1o\/","title":{"rendered":"Campanha de Vacina\u00e7\u00e3o Antirr\u00e1bica ser\u00e1 realizada neste s\u00e1bado (1\u00ba)"},"content":{"rendered":"<p>A Secretaria Municipal de Sa\u00fade (SMS) inicia, neste s\u00e1bado (1\u00ba.11), a Campanha de Vacina\u00e7\u00e3o Antirr\u00e1bica 2025, destinada \u00e0 imuniza\u00e7\u00e3o de c\u00e3es e gatos a partir dos tr\u00eas meses de idade. A a\u00e7\u00e3o acontece em dois finais de semana consecutivos, dias 01 e 08 de novembro, com postos funcionando das 8h \u00e0s 17h em diversos bairros e comunidades do munic\u00edpio.<\/p>\n<p>A campanha tem como prop\u00f3sito refor\u00e7ar a preven\u00e7\u00e3o da raiva em Caruaru, ampliando a cobertura vacinal de c\u00e3es e gatos e mantendo o munic\u00edpio livre da doen\u00e7a. A iniciativa tamb\u00e9m busca conscientizar os tutores sobre a import\u00e2ncia da vacina\u00e7\u00e3o anual como medida essencial para proteger a sa\u00fade dos animais e das pessoas.<\/p>\n<p>\u201cA vacina\u00e7\u00e3o \u00e9 um ato de responsabilidade e prote\u00e7\u00e3o coletiva. Contamos com o apoio dos tutores para garantir a imuniza\u00e7\u00e3o dos animais e manter a raiva longe de Caruaru\u201d, refor\u00e7ou a gerente geral de Vigil\u00e2ncia em Sa\u00fade, Cec\u00edlia Borba.<\/p>\n<p>POSTOS DE VACINA\u00c7\u00c3O \u2013 1\u00ba DIA: S\u00e1bado \u2013 01\/11\/2025: 8h \u00e0s 17h.<\/p>\n<p>S\u00c3O JO\u00c3O DA ESC\u00d3CIA<\/p>\n<p>Posto 1 &#8211; UBS S\u00e3o Jo\u00e3o da Esc\u00f3cia II, III, IV \u2013 R. Dep. Magalh\u00e3es, R7, s\/n<br \/>\nPosto 2 &#8211; Escola Jesu\u00edna Pereira Rego \u2013 R. S\u00e3o Jo\u00e3o da Esc\u00f3cia, s\/n<\/p>\n<p>SALGADO<\/p>\n<p>Posto 3 &#8211; IV GERES \u2013 R. Gen. Estilac Leal<br \/>\nPosto 4 &#8211; CMEI Ivanise Flora \u2013 R. Padre Roma<br \/>\nPosto 5 &#8211; Escola Sinhazinha \u2013 R. Neco Lira, n\u00ba 05<br \/>\nPosto 6 &#8211; Escola Prof. Jos\u00e9 Bione \u2013 R. Ant\u00f4nio Carlos, n\u00ba 136<\/p>\n<p>CEDRO<\/p>\n<p>Posto 7 &#8211; Centro de Sa\u00fade do Cedro \u2013 R-08, n\u00ba 20<\/p>\n<p>MORADA NOVA<\/p>\n<p>Posto 8 \u2013 Tenda \u2013 Av. Major Jo\u00e3o Coelho<\/p>\n<p>SERRAN\u00d3POLIS (S\u00e3o Jos\u00e9)<\/p>\n<p>Posto 9 \u2013 CMEI Jos\u00e9 Pinheiro dos Santos Filho \u2013 R. Fernando B. de Lucena<\/p>\n<p>RENDEIRAS<\/p>\n<p>Posto 10 \u2013 Associa\u00e7\u00e3o Boi Tira Teima \u2013 R. Major Jo\u00e3o Coelho, 625<\/p>\n<p>PETR\u00d3POLIS<\/p>\n<p>Posto 11 &#8211; Escola Pedro de Souza \u2013 R. S\u00e3o Lucas, s\/n<\/p>\n<p>VASSOURAL<\/p>\n<p>Posto 12 &#8211; Escola Prof. Kerm\u00f3genes \u2013 R. Maria Teresa<br \/>\nPosto 13 &#8211; Escola Felisberto de Carvalho \u2013 R. Rui Limeira Rosal<br \/>\nPosto 14 &#8211; Escola Luiz Pessoa \u2013 R. Rosa Cordeiro<\/p>\n<p>AGAMENON MAGALH\u00c3ES<\/p>\n<p>Posto 15 \u2013 Escola Rosilda Maciel \u2013 R. Gustavo Bezerra<\/p>\n<p>JARDIM LIBERDADE<\/p>\n<p>Posto 16 \u2013 Escola Gianete Silva \u2013 R. Arquimedes de Oliveira<\/p>\n<p>INOCOOP<\/p>\n<p>Posto 17 \u2013 Tenda da Igreja Cat\u00f3lica \u2013 R. Jos\u00e9 Anselmo de Azevedo<\/p>\n<p>ANT\u00d4NIO LIBERATO<\/p>\n<p>Posto 18 \u2013 UBS Ant\u00f4nio Liberato I \u2013 Rua Luciene Rocha<\/p>\n<p>INDIAN\u00d3POLIS<\/p>\n<p>Posto 19 \u2013 Escola Nicanor Souto Maior \u2013 R. Carlos Laet<br \/>\nPosto 20 \u2013 AME Indian\u00f3polis \u2013 Av. Alferes Jorge<\/p>\n<p>SANTA ROSA<\/p>\n<p>Posto 21 \u2013 UBS Santa Rosa II\/III\/IV \u2013 Rua Santa Rosa<br \/>\nPosto 22 \u2013 Escola Joel Pontes \u2013 R. da \u00c1sia<\/p>\n<p>POSTOS DE VACINA\u00c7\u00c3O \u2013 2\u00ba DIA: S\u00e1bado \u2013 08\/11\/2025: 8h \u00e0s 17h.<\/p>\n<p>RESIDENCIAL XIQUE-XIQUE<\/p>\n<p>Posto 1 \u2013 UBS do Xique-Xique \u2013 Av. 16 de Setembro, 5002<br \/>\nPosto 2 \u2013 Frigor\u00edfico C4 \u2013 Rua N\u00e1polis, 296<\/p>\n<p>RESIDENCIAL NINA LIBERATO (Lagoa de Pedra)<\/p>\n<p>Posto 3 \u2013 Pra\u00e7a Principal \u2013 R. Romildo Moreira<\/p>\n<p>JOS\u00c9 CARLOS DE OLIVEIRA<\/p>\n<p>Posto 4 \u2013 UBS Jos\u00e9 Carlos de Oliveira (Academia da Sa\u00fade) \u2013 Rua dos Encontros<br \/>\nPosto 5 \u2013 UBS D\u00eamostenes Veras (FUNASE) \u2013 Av. Recife<\/p>\n<p>MARIA AUXILIADORA<\/p>\n<p>Posto 6 \u2013 Escola Tereza Neuma \u2013 R. Prof. Jos\u00e9 Adilson Souza<\/p>\n<p>BOA VISTA I<\/p>\n<p>Posto 7 \u2013 Centro de Sa\u00fade \u2013 Cohab I<\/p>\n<p>JO\u00c3O MOTA<\/p>\n<p>Posto 8 \u2013 UBS Jo\u00e3o Mota \u2013 R. S\u00e3o Nicolau, 551<\/p>\n<p>PADRE IN\u00c1CIO<\/p>\n<p>Posto 9 \u2013 Escola Dep. Cristina Tavares \u2013 R. Hector Mateus Silva<\/p>\n<p>KENNEDY<\/p>\n<p>Posto 10 \u2013 UBS Vila Kennedy I \u2013 R. Eug\u00eanio Cordeiro<br \/>\nPosto 11 \u2013 Escola Santo Amaro \u2013 R. A-5, 131<\/p>\n<p>CAIUC\u00c1<\/p>\n<p>Posto 12 \u2013 UBS Caiuc\u00e1 II \u2013 Av. Caiuc\u00e1, 330<\/p>\n<p>CENTRO<\/p>\n<p>Posto 13 \u2013 Prefeitura de Caruaru \u2013 Pra\u00e7a Sen. Teot\u00f4nio Vilela<br \/>\nPosto 14 \u2013 Escola Vicente Monteiro \u2013 R. Dr. J\u00falio de Melo<\/p>\n<p>DIVIN\u00d3POLIS<\/p>\n<p>Posto 15 \u2013 Escola Dom Vital \u2013 Pra\u00e7a Dom Vital<\/p>\n<p>CENTEN\u00c1RIO<\/p>\n<p>Posto 16 \u2013 UBS Centen\u00e1rio \u2013 Rua da S\u00e9<\/p>\n<p>S\u00c3O FRANCISCO<\/p>\n<p>Posto 17 \u2013 UBS S\u00e3o Francisco II e III \u2013 Rua Padre Augusto<br \/>\nPosto 18 \u2013 Escola Ant\u00f4nia Cavalcanti \u2013 Rua Manaus<\/p>\n<p>ALTO DO MOURA<\/p>\n<p>Posto 19 \u2013 Associa\u00e7\u00e3o de Moradores \u2013 R. Mestre Vitalino<\/p>\n<p>CAJ\u00c1 (Vila do Aeroporto)<\/p>\n<p>Posto 20 \u2013 UBS do Caj\u00e1 \u2013 Av. Oscar Laranjeira<\/p>\n<p>RESIDENCIAL LUIZ BEZERRA TORRES<\/p>\n<p>Posto 21 \u2013 UBS Res. Luiz Bezerra Torres \u2013 R. G\u00e9rbera<\/p>\n<p>RESIDENCIAL ALTO DO MOURA<\/p>\n<p>Posto 22 \u2013 UBS Res. Alto do Moura \u2013 R. Brom\u00e9lia<\/p>\n<p>LUIZ GONZAGA<\/p>\n<p>Posto 23 \u2013 Parque Ambiental Bara\u00fanas \u2013 R. Luiz Gonzaga<\/p>\n<p>NOVA CARUARU<\/p>\n<p>Posto 24 \u2013 UBS Nova Caruaru \u2013 Dep. Osvaldo Rabelo<\/p>\n<p>SEVERINO AFONSO<\/p>\n<p>Posto 25 \u2013 UBS Severino Afonso \u2013 R. Adjar Cas\u00e9<\/p>\n<p>BARA\u00daNAS<\/p>\n<p>Posto 26 \u2013 CMEI Lindomar Pinheiro \u2013 R. Telha<\/p>\n<p>JARDIM PANORAMA<\/p>\n<p>Posto 27 \u2013 UBS Jardim Panorama \u2013 R. Esmeralda Barros<\/p>\n<p>MAUR\u00cdCIO DE NASSAU<\/p>\n<p>Posto 28 \u2013 Pra\u00e7a Santa Clara \u2013 Rua Santa Clara<\/p>\n<p>Orienta\u00e7\u00f5es aos tutores: <\/p>\n<p>Levar os animais com coleira e guia; gatos devem estar em caixas de transporte; animais agressivos devem usar focinheira; a vacina\u00e7\u00e3o \u00e9 gratuita; c\u00e3es e gatos doentes ou prenhes n\u00e3o devem ser vacinados e levar cart\u00e3o de vacina\u00e7\u00e3o, se tiver.<br \/>\nSiga o Instagram @portaledvaldomagalhaes<br \/>\nFoto: <\/p>\n","protected":false},"excerpt":{"rendered":"<p>A Secretaria Municipal de Sa\u00fade (SMS) inicia, neste s\u00e1bado (1\u00ba.11), a Campanha de Vacina\u00e7\u00e3o Antirr\u00e1bica 2025, destinada \u00e0 imuniza\u00e7\u00e3o de&hellip;<\/p>\n","protected":false},"author":1,"featured_media":124202,"comment_status":"closed","ping_status":"open","sticky":false,"template":"","format":"standard","meta":{"footnotes":""},"categories":[14120],"tags":[13146,35107,3406,34634],"class_list":["post-124201","post","type-post","status-publish","format-standard","has-post-thumbnail","hentry","category-noticias","tag-blog-edvaldo-magalhaes","tag-campanha-de-vacinacao-antirrabica-sera-realizada-neste-sabado-1o","tag-caruaru","tag-portal-edvaldo-magalhaes"],"_links":{"self":[{"href":"https:\/\/blogdoedvaldomagalhaes.com.br\/index.php\/wp-json\/wp\/v2\/posts\/124201","targetHints":{"allow":["GET"]}}],"collection":[{"href":"https:\/\/blogdoedvaldomagalhaes.com.br\/index.php\/wp-json\/wp\/v2\/posts"}],"about":[{"href":"https:\/\/blogdoedvaldomagalhaes.com.br\/index.php\/wp-json\/wp\/v2\/types\/post"}],"author":[{"embeddable":true,"href":"https:\/\/blogdoedvaldomagalhaes.com.br\/index.php\/wp-json\/wp\/v2\/users\/1"}],"replies":[{"embeddable":true,"href":"https:\/\/blogdoedvaldomagalhaes.com.br\/index.php\/wp-json\/wp\/v2\/comments?post=124201"}],"version-history":[{"count":1,"href":"https:\/\/blogdoedvaldomagalhaes.com.br\/index.php\/wp-json\/wp\/v2\/posts\/124201\/revisions"}],"predecessor-version":[{"id":124203,"href":"https:\/\/blogdoedvaldomagalhaes.com.br\/index.php\/wp-json\/wp\/v2\/posts\/124201\/revisions\/124203"}],"wp:featuredmedia":[{"embeddable":true,"href":"https:\/\/blogdoedvaldomagalhaes.com.br\/index.php\/wp-json\/wp\/v2\/media\/124202"}],"wp:attachment":[{"href":"https:\/\/blogdoedvaldomagalhaes.com.br\/index.php\/wp-json\/wp\/v2\/media?parent=124201"}],"wp:term":[{"taxonomy":"category","embeddable":true,"href":"https:\/\/blogdoedvaldomagalhaes.com.br\/index.php\/wp-json\/wp\/v2\/categories?post=124201"},{"taxonomy":"post_tag","embeddable":true,"href":"https:\/\/blogdoedvaldomagalhaes.com.br\/index.php\/wp-json\/wp\/v2\/tags?post=124201"}],"curies":[{"name":"wp","href":"https:\/\/api.w.org\/{rel}","templated":true}]}}