{"id":124198,"date":"2025-10-30T09:59:27","date_gmt":"2025-10-30T12:59:27","guid":{"rendered":"https:\/\/blogdoedvaldomagalhaes.com.br\/?p=124198"},"modified":"2025-10-30T09:59:27","modified_gmt":"2025-10-30T12:59:27","slug":"prf-apreende-madeira-irregular-recolhe-mais-de-20-veiculos-e-prende-varias-pessoas","status":"publish","type":"post","link":"https:\/\/blogdoedvaldomagalhaes.com.br\/index.php\/2025\/10\/30\/prf-apreende-madeira-irregular-recolhe-mais-de-20-veiculos-e-prende-varias-pessoas\/","title":{"rendered":"PRF apreende madeira irregular recolhe mais de 20 ve\u00edculos e prende v\u00e1rias pessoas"},"content":{"rendered":"<p>Em mais uma etapa de enfrentamento aos crimes ambientais, a Pol\u00edcia Rodovi\u00e1ria Federal (PRF) apreendeu 331,6 m\u00b3 de madeira irregular, que era transportada em oito ve\u00edculos de carga. Os flagrantes foram realizados em seis dias do m\u00eas de outubro, nas BRs 232, 116 e 316, que cortam as cidades de Serra Talhada, Salgueiro e Ouricuri, no Sert\u00e3o de Pernambuco.<\/p>\n<p>A opera\u00e7\u00e3o teve como finalidade combater o desmatamento ilegal e coibir a polui\u00e7\u00e3o ambiental, tendo em vista que a a\u00e7\u00e3o tamb\u00e9m  verificou o uso correto do Arla 32, um reagente que reduz a emiss\u00e3o de gases poluentes nos ve\u00edculos a diesel. Durante a fiscaliza\u00e7\u00e3o, foram constatadas cinco ocorr\u00eancias desse tipo.<\/p>\n<p>Em 12 comandos de fiscaliza\u00e7\u00e3o ambiental e de produtos perigosos, foram recolhidos 22 ve\u00edculos, detidas oito pessoas e emitidas 101 autua\u00e7\u00f5es por diversas irregularidades. As a\u00e7\u00f5es continuar\u00e3o a ser realizadas pelo Grupo de Enfrentamento aos Crimes Ambientais (GECAM) em todo o estado. Foto: Divulga\u00e7\u00e3o\/PRF<br \/>\nSeja seguidor do Instagram @portaledvaldomagalhaes<\/p>\n","protected":false},"excerpt":{"rendered":"<p>Em mais uma etapa de enfrentamento aos crimes ambientais, a Pol\u00edcia Rodovi\u00e1ria Federal (PRF) apreendeu 331,6 m\u00b3 de madeira irregular,&hellip;<\/p>\n","protected":false},"author":1,"featured_media":124199,"comment_status":"closed","ping_status":"open","sticky":false,"template":"","format":"standard","meta":{"footnotes":""},"categories":[14121],"tags":[13146,3406,34634,35106],"class_list":["post-124198","post","type-post","status-publish","format-standard","has-post-thumbnail","hentry","category-policial","tag-blog-edvaldo-magalhaes","tag-caruaru","tag-portal-edvaldo-magalhaes","tag-prf-apreende-madeira-irregular-recolhe-mais-de-20-veiculos-e-prende-varias-pessoas"],"_links":{"self":[{"href":"https:\/\/blogdoedvaldomagalhaes.com.br\/index.php\/wp-json\/wp\/v2\/posts\/124198","targetHints":{"allow":["GET"]}}],"collection":[{"href":"https:\/\/blogdoedvaldomagalhaes.com.br\/index.php\/wp-json\/wp\/v2\/posts"}],"about":[{"href":"https:\/\/blogdoedvaldomagalhaes.com.br\/index.php\/wp-json\/wp\/v2\/types\/post"}],"author":[{"embeddable":true,"href":"https:\/\/blogdoedvaldomagalhaes.com.br\/index.php\/wp-json\/wp\/v2\/users\/1"}],"replies":[{"embeddable":true,"href":"https:\/\/blogdoedvaldomagalhaes.com.br\/index.php\/wp-json\/wp\/v2\/comments?post=124198"}],"version-history":[{"count":1,"href":"https:\/\/blogdoedvaldomagalhaes.com.br\/index.php\/wp-json\/wp\/v2\/posts\/124198\/revisions"}],"predecessor-version":[{"id":124200,"href":"https:\/\/blogdoedvaldomagalhaes.com.br\/index.php\/wp-json\/wp\/v2\/posts\/124198\/revisions\/124200"}],"wp:featuredmedia":[{"embeddable":true,"href":"https:\/\/blogdoedvaldomagalhaes.com.br\/index.php\/wp-json\/wp\/v2\/media\/124199"}],"wp:attachment":[{"href":"https:\/\/blogdoedvaldomagalhaes.com.br\/index.php\/wp-json\/wp\/v2\/media?parent=124198"}],"wp:term":[{"taxonomy":"category","embeddable":true,"href":"https:\/\/blogdoedvaldomagalhaes.com.br\/index.php\/wp-json\/wp\/v2\/categories?post=124198"},{"taxonomy":"post_tag","embeddable":true,"href":"https:\/\/blogdoedvaldomagalhaes.com.br\/index.php\/wp-json\/wp\/v2\/tags?post=124198"}],"curies":[{"name":"wp","href":"https:\/\/api.w.org\/{rel}","templated":true}]}}