{"id":124196,"date":"2025-10-30T09:32:47","date_gmt":"2025-10-30T12:32:47","guid":{"rendered":"https:\/\/blogdoedvaldomagalhaes.com.br\/?p=124196"},"modified":"2025-10-30T11:40:57","modified_gmt":"2025-10-30T14:40:57","slug":"policia-civil-deflagra-operacoes-contra-trafico-de-drogas-e-lavagem-de-dinheiro","status":"publish","type":"post","link":"https:\/\/blogdoedvaldomagalhaes.com.br\/index.php\/2025\/10\/30\/policia-civil-deflagra-operacoes-contra-trafico-de-drogas-e-lavagem-de-dinheiro\/","title":{"rendered":"Pol\u00edcia Civil deflagra opera\u00e7\u00f5es contra tr\u00e1fico de drogas e lavagem de dinheiro"},"content":{"rendered":"<p>A POL\u00cdCIA CIVIL DE PERNAMBUCO desencadeou na manh\u00e3 desta quinta-feira, <span style=\"font-size:revert;\">30\/10\/2025, a 69\u00aa Opera\u00e7\u00e3o de Repress\u00e3o Qualificada do ano denominada &#8220;PECUNIA <\/span><span style=\"font-size:revert;\">OLET, <\/span> vinculada \u00e0 Diretoria Integrada do Interior II \u2013 DINTER II, sob a presid\u00eancia <span style=\"font-size:revert;\">do Delegado Paulo Gil, Titular da 23\u00aa Delegacia de Pol\u00edcia de Homic\u00eddios \u2013 23\u00aa DPH, <\/span><span style=\"font-size:revert;\">unidade integrante da 19\u00aa Delegacia Seccional &#8211; 19\u00aa DESEC. <\/span><span style=\"font-size:revert;\">A investiga\u00e7\u00e3o foi iniciada em outubro de 2022, com o objetivo de identificar e <\/span><span style=\"font-size:revert;\">desarticular Associa\u00e7\u00e3o Criminosa voltada \u00e0 pr\u00e1tica dos crimes de Tr\u00e1fico de Drogas e <\/span><span style=\"font-size:revert;\">Lavagem de Dinheiro. <\/span><span style=\"font-size:revert;\">No dia de hoje est\u00e3o sendo cumpridos 09 (nove) Mandados de Busca e Apreens\u00e3o <\/span><span style=\"font-size:revert;\">Domiciliar e Ordem m Judicial de Bloqueio de Ativos Financeiros, todos expedidos pelo <\/span><span style=\"font-size:revert;\">Ju\u00edzo da 1\u00aa Vara da Comarca de S\u00e3o Jos\u00e9 do Egito. <\/span><span style=\"font-size:revert;\">Na m execu\u00e7\u00e3o est\u00e3o sendo empregados 50 (cinquenta) Policiais Civis, entre Delegados, <\/span><span style=\"font-size:revert;\">Agentes e Escriv\u00e3es. <\/span><span style=\"font-size:revert;\">As investiga\u00e7\u00f5es foram assessoradas pela Diretoria de Intelig\u00eancia da Pol\u00edcia Civil de <\/span><span style=\"font-size:revert;\">Pernambuco \u2013 DINTEL e pelo Laborat\u00f3rio de Tecnologia contra Lavagem de Dinheiro  <\/span><span style=\"font-size:revert;\">LAB\/LD, contando ainda com o apoio operacional das POL\u00cdCIAS CIVIS DOS <\/span><span style=\"font-size:revert;\">ESTADOS DA PARA\u00cdBA E DO RIO GRANDE DO NORTE. <\/span><span style=\"font-size:revert;\">Ambiente Operacional PEC\u00daNIA OLET: <\/span><span style=\"font-size:revert;\">S\u00e3o Jos\u00e9 do Egito, <\/span><span style=\"font-size:revert;\">Arcoverde, <\/span><span style=\"font-size:revert;\">Petrolina, <\/span><span style=\"font-size:revert;\">Santa Terezinha, <\/span><span style=\"font-size:revert;\">Patos, <\/span><span style=\"font-size:revert;\">Butique, <\/span><span style=\"font-size:revert;\">Jo\u00e3o Pessoa, <\/span><span style=\"font-size:revert;\">Parnamirim RN, <\/span><span style=\"font-size:revert;\">Campo Grade\/MS<\/span><\/p>\n<p><img loading=\"lazy\" decoding=\"async\" src=\"https:\/\/blogdoedvaldomagalhaes.com.br\/wp-content\/uploads\/2025\/10\/img-20251030-wa01803979662785291624172.jpg\" class=\"wp-image-124213 alignnone size-full\" width=\"1280\" height=\"960\" srcset=\"https:\/\/blogdoedvaldomagalhaes.com.br\/wp-content\/uploads\/2025\/10\/img-20251030-wa01803979662785291624172.jpg 1280w, https:\/\/blogdoedvaldomagalhaes.com.br\/wp-content\/uploads\/2025\/10\/img-20251030-wa01803979662785291624172-300x225.jpg 300w, https:\/\/blogdoedvaldomagalhaes.com.br\/wp-content\/uploads\/2025\/10\/img-20251030-wa01803979662785291624172-1024x768.jpg 1024w, https:\/\/blogdoedvaldomagalhaes.com.br\/wp-content\/uploads\/2025\/10\/img-20251030-wa01803979662785291624172-768x576.jpg 768w, https:\/\/blogdoedvaldomagalhaes.com.br\/wp-content\/uploads\/2025\/10\/img-20251030-wa01803979662785291624172-160x120.jpg 160w\" sizes=\"auto, (max-width: 1280px) 100vw, 1280px\" \/><br \/>\n<span style=\"font-size:revert;\">A POL\u00cdCIA CIVIL DE PERNAMBUCO desencadeou na manh\u00e3 desta quinta-feira, <\/span><span style=\"font-size:revert;\">30\/10\/2025, a 70\u00aa Opera\u00e7\u00e3o de Repress\u00e3o Qualificada do ano denominada &#8220;FLUXO <\/span><span style=\"font-size:revert;\">IL\u00cdCITO&#8221;<\/span><span style=\"font-size:revert;\">, vinculada \u00e0 Diretoria Integrada do Interior II \u2013 DINTER II, sob a <\/span><span style=\"font-size:revert;\">presid\u00eancia do Delegado Paulo Gil, Titular da 23\u00aa Delegacia de Pol\u00edcia de Homic\u00eddios \u2013 <\/span><span style=\"font-size:revert;\">23\u00aa DPH, unidade integrante da 19\u00aa Delegacia Seccional &#8211; 19\u00aa DESEC. <\/span><span style=\"font-size:revert;\">A investiga\u00e7\u00e3o foi iniciada em outubro de 2022, com o objetivo de identificar e <\/span><span style=\"font-size:revert;\">desarticular Associa\u00e7\u00e3o Criminosa voltada \u00e0 pr\u00e1tica dos crimes de Tr\u00e1fico de Drogas e <\/span><span style=\"font-size:revert;\">Lavagem de Dinheiro. <\/span><span style=\"font-size:revert;\">No dia de hoje est\u00e3o sendo cumpridos 08 (oito) Mandados de Busca e Apreens\u00e3o <\/span><span style=\"font-size:revert;\">Domiciliar e Ordem Judicial de Bloqueio de Ativos Financeiros, todos expedidos pelo <\/span><span style=\"font-size:revert;\">Ju\u00edzo da 1\u00aa Vara da Comarca de S\u00e3o Jos\u00e9 do Egito. <\/span><span style=\"font-size:revert;\">Na execu\u00e7\u00e3o est\u00e3o sendo empregados 30 (trinta) Policiais Civis, entre Delegados, <\/span><span style=\"font-size:revert;\">Agentes e Escriv\u00e3es. <\/span><span style=\"font-size:revert;\">As investiga\u00e7\u00f5es foram assessoradas pela Diretoria de Intelig\u00eancia da Pol\u00edcia Civil de <\/span><span style=\"font-size:revert;\">Pernambuco \u2013 DINTEL e pelo Laborat\u00f3rio de Tecnologia contra Lavagem de Dinheiro <\/span><span style=\"font-size:revert;\">\u2013 LAB\/LD, contando ainda com o apoio operacional da Ger\u00eancia de Intelig\u00eancia e <\/span><span style=\"font-size:revert;\">Seguran\u00e7a Org\u00e2nica da Secretaria de Administra\u00e7\u00e3o Penitenci\u00e1ria e Ressocializa\u00e7\u00e3o de <\/span><span style=\"font-size:revert;\">Pernambuco &#8211; GISO\/SEAP\/PE e das POL\u00cdCIAS CIVIS DOS ESTADOS DA <\/span>PARA\u00cdBA, DE ALAGOAS, DE MINAS GERAIS E DE S\u00c3O PAULO. <span style=\"font-size:revert;\">Ambiente Operacional FLUXO IL\u00cdCITO: <\/span><span style=\"font-size:revert;\">Caruaru, <\/span><span style=\"font-size:revert;\">Delmiro Gouveia AL, <\/span><span style=\"font-size:revert;\">S\u00e3o Paulo, <\/span><span style=\"font-size:revert;\">Pesqueira, <\/span><span style=\"font-size:revert;\">Salgueiro, Nanuque\/<\/span><span style=\"font-size:revert;\"> MG, <\/span>Cajazeiras PB.<\/p>\n<p>Siga o Instagram @portaledvaldomagalhaes<\/p>\n<p>Fotos: Divulga\u00e7\u00e3o\/Pol\u00edcia Civil<\/p>\n","protected":false},"excerpt":{"rendered":"<p>A POL\u00cdCIA CIVIL DE PERNAMBUCO desencadeou na manh\u00e3 desta quinta-feira, 30\/10\/2025, a 69\u00aa Opera\u00e7\u00e3o de Repress\u00e3o Qualificada do ano denominada&hellip;<\/p>\n","protected":false},"author":1,"featured_media":124211,"comment_status":"closed","ping_status":"open","sticky":false,"template":"","format":"standard","meta":{"footnotes":""},"categories":[14121],"tags":[13146,34634],"class_list":["post-124196","post","type-post","status-publish","format-standard","has-post-thumbnail","hentry","category-policial","tag-blog-edvaldo-magalhaes","tag-portal-edvaldo-magalhaes"],"_links":{"self":[{"href":"https:\/\/blogdoedvaldomagalhaes.com.br\/index.php\/wp-json\/wp\/v2\/posts\/124196","targetHints":{"allow":["GET"]}}],"collection":[{"href":"https:\/\/blogdoedvaldomagalhaes.com.br\/index.php\/wp-json\/wp\/v2\/posts"}],"about":[{"href":"https:\/\/blogdoedvaldomagalhaes.com.br\/index.php\/wp-json\/wp\/v2\/types\/post"}],"author":[{"embeddable":true,"href":"https:\/\/blogdoedvaldomagalhaes.com.br\/index.php\/wp-json\/wp\/v2\/users\/1"}],"replies":[{"embeddable":true,"href":"https:\/\/blogdoedvaldomagalhaes.com.br\/index.php\/wp-json\/wp\/v2\/comments?post=124196"}],"version-history":[{"count":3,"href":"https:\/\/blogdoedvaldomagalhaes.com.br\/index.php\/wp-json\/wp\/v2\/posts\/124196\/revisions"}],"predecessor-version":[{"id":124214,"href":"https:\/\/blogdoedvaldomagalhaes.com.br\/index.php\/wp-json\/wp\/v2\/posts\/124196\/revisions\/124214"}],"wp:featuredmedia":[{"embeddable":true,"href":"https:\/\/blogdoedvaldomagalhaes.com.br\/index.php\/wp-json\/wp\/v2\/media\/124211"}],"wp:attachment":[{"href":"https:\/\/blogdoedvaldomagalhaes.com.br\/index.php\/wp-json\/wp\/v2\/media?parent=124196"}],"wp:term":[{"taxonomy":"category","embeddable":true,"href":"https:\/\/blogdoedvaldomagalhaes.com.br\/index.php\/wp-json\/wp\/v2\/categories?post=124196"},{"taxonomy":"post_tag","embeddable":true,"href":"https:\/\/blogdoedvaldomagalhaes.com.br\/index.php\/wp-json\/wp\/v2\/tags?post=124196"}],"curies":[{"name":"wp","href":"https:\/\/api.w.org\/{rel}","templated":true}]}}