{"id":124193,"date":"2025-10-29T23:44:15","date_gmt":"2025-10-30T02:44:15","guid":{"rendered":"https:\/\/blogdoedvaldomagalhaes.com.br\/?p=124193"},"modified":"2025-10-29T23:44:15","modified_gmt":"2025-10-30T02:44:15","slug":"idoso-e-detido-suspeito-de-importunacao-sexual-contra-passageira-de-um-onibus","status":"publish","type":"post","link":"https:\/\/blogdoedvaldomagalhaes.com.br\/index.php\/2025\/10\/29\/idoso-e-detido-suspeito-de-importunacao-sexual-contra-passageira-de-um-onibus\/","title":{"rendered":"Idoso \u00e9 detido suspeito de importuna\u00e7\u00e3o sexual contra passageira de um \u00f4nibus"},"content":{"rendered":"<p>Um idoso de 64 anos foi detido pela Pol\u00edcia Rodovi\u00e1ria Federal (PRF), suspeito de importunar uma passageira de um \u00f4nibus. O caso ocorreu nesta ter\u00e7a-feira (28), durante uma viagem de \u00f4nibus pela BR-232, em Sert\u00e2nia, no Sert\u00e3o em Pernambuco.<\/p>\n<p>Chegando no posto da PRF, o motorista desembarcou junto com a v\u00edtima para contar o relato. A mulher, de 26 anos, que estava bastante nervosa e chorando, disse que estava sentada na frente do suspeito, com uma crian\u00e7a de dois anos em seu colo, e pediu para trocar de lugar por n\u00e3o se sentir confort\u00e1vel com a presen\u00e7a do homem, mas n\u00e3o encontrou cadeiras vagas.<\/p>\n<p>Logo em seguida, ela relatou ter ouvido gemidos, quando se deparou com o homem de cal\u00e7as abaixadas, tocando suas partes \u00edntimas. Nesse momento, a v\u00edtima gritou e pediu ajuda ao motorista, que seguiu diretamente para o posto mais pr\u00f3ximo da PRF.<\/p>\n<p>Outras testemunhas tamb\u00e9m relataram as a\u00e7\u00f5es do suspeito. Em consulta, a equipe descobriu que ele tinha possu\u00eda passagem na pol\u00edcia por homic\u00eddio.<\/p>\n<p>O idoso foi encaminhado para a Delegacia Pol\u00edcia Civil em Sert\u00e2nia. Ele poder\u00e1 responder por importuna\u00e7\u00e3o sexual, que prev\u00ea pena de um a cinco anos de reclus\u00e3o.<br \/>\nSiga o Instagram @portaledvaldomagalhaes<br \/>\nFoto: Divulga\u00e7\u00e3o\/PRF<\/p>\n","protected":false},"excerpt":{"rendered":"<p>Um idoso de 64 anos foi detido pela Pol\u00edcia Rodovi\u00e1ria Federal (PRF), suspeito de importunar uma passageira de um \u00f4nibus.&hellip;<\/p>\n","protected":false},"author":1,"featured_media":124194,"comment_status":"closed","ping_status":"open","sticky":false,"template":"","format":"standard","meta":{"footnotes":""},"categories":[14121],"tags":[13146,18654,3406,35105,34634],"class_list":["post-124193","post","type-post","status-publish","format-standard","has-post-thumbnail","hentry","category-policial","tag-blog-edvaldo-magalhaes","tag-br-232-2","tag-caruaru","tag-idoso-e-detido-suspeito-de-importunacao-sexual-contra-passageira-de-um-onibus","tag-portal-edvaldo-magalhaes"],"_links":{"self":[{"href":"https:\/\/blogdoedvaldomagalhaes.com.br\/index.php\/wp-json\/wp\/v2\/posts\/124193","targetHints":{"allow":["GET"]}}],"collection":[{"href":"https:\/\/blogdoedvaldomagalhaes.com.br\/index.php\/wp-json\/wp\/v2\/posts"}],"about":[{"href":"https:\/\/blogdoedvaldomagalhaes.com.br\/index.php\/wp-json\/wp\/v2\/types\/post"}],"author":[{"embeddable":true,"href":"https:\/\/blogdoedvaldomagalhaes.com.br\/index.php\/wp-json\/wp\/v2\/users\/1"}],"replies":[{"embeddable":true,"href":"https:\/\/blogdoedvaldomagalhaes.com.br\/index.php\/wp-json\/wp\/v2\/comments?post=124193"}],"version-history":[{"count":1,"href":"https:\/\/blogdoedvaldomagalhaes.com.br\/index.php\/wp-json\/wp\/v2\/posts\/124193\/revisions"}],"predecessor-version":[{"id":124195,"href":"https:\/\/blogdoedvaldomagalhaes.com.br\/index.php\/wp-json\/wp\/v2\/posts\/124193\/revisions\/124195"}],"wp:featuredmedia":[{"embeddable":true,"href":"https:\/\/blogdoedvaldomagalhaes.com.br\/index.php\/wp-json\/wp\/v2\/media\/124194"}],"wp:attachment":[{"href":"https:\/\/blogdoedvaldomagalhaes.com.br\/index.php\/wp-json\/wp\/v2\/media?parent=124193"}],"wp:term":[{"taxonomy":"category","embeddable":true,"href":"https:\/\/blogdoedvaldomagalhaes.com.br\/index.php\/wp-json\/wp\/v2\/categories?post=124193"},{"taxonomy":"post_tag","embeddable":true,"href":"https:\/\/blogdoedvaldomagalhaes.com.br\/index.php\/wp-json\/wp\/v2\/tags?post=124193"}],"curies":[{"name":"wp","href":"https:\/\/api.w.org\/{rel}","templated":true}]}}