{"id":124187,"date":"2025-10-29T20:14:29","date_gmt":"2025-10-29T23:14:29","guid":{"rendered":"https:\/\/blogdoedvaldomagalhaes.com.br\/?p=124187"},"modified":"2025-10-29T20:14:29","modified_gmt":"2025-10-29T23:14:29","slug":"ex-vereadores-de-caruaru-anunciam-apoio-a-anderson-luiz-para-deputado-estadual","status":"publish","type":"post","link":"https:\/\/blogdoedvaldomagalhaes.com.br\/index.php\/2025\/10\/29\/ex-vereadores-de-caruaru-anunciam-apoio-a-anderson-luiz-para-deputado-estadual\/","title":{"rendered":"Ex-vereadores de Caruaru anunciam apoio a Anderson Luiz para deputado estadual"},"content":{"rendered":"<p>O pr\u00e9-candidato a deputado estadual e atual secret\u00e1rio municipal de Articula\u00e7\u00e3o Pol\u00edtica, Anderson Luiz, segue ganhando for\u00e7a em Caruaru. Nesta quarta-feira (29), os ex-vereadores Ranilson Enfermeiro e Izaac da Sa\u00fade anunciaram oficialmente apoio \u00e0 sua pr\u00e9-candidatura, destacando o trabalho desenvolvido por Anderson na Capital do Agreste e seu alinhamento com o grupo do prefeito Rodrigo Pinheiro e da governadora Raquel Lyra.<\/p>\n<p>Ran\u00edlson Enfermeiro ressaltou a confian\u00e7a no projeto e o perfil de lideran\u00e7a de Anderson: \u201cAnderson representa a renova\u00e7\u00e3o com responsabilidade. \u00c9 um l\u00edder que tem compromisso real com o povo e conhece de perto as necessidades da nossa cidade. Essa decis\u00e3o foi tomada com base em di\u00e1logo e convic\u00e7\u00e3o\u201d, afirmou o ex-vereador.<\/p>\n<p>Tamb\u00e9m com atua\u00e7\u00e3o na \u00e1rea da sa\u00fade e forte presen\u00e7a comunit\u00e1ria, Izaac da Sa\u00fade destacou a import\u00e2ncia de unir for\u00e7as em torno de um projeto coletivo. \u201cA pol\u00edtica precisa de quem faz, de quem est\u00e1 perto das pessoas. Anderson tem essa postura e um olhar voltado para resultados concretos. Estamos juntos por uma Caruaru que continue avan\u00e7ando, com mais oportunidades, cuidado e presen\u00e7a nas comunidades\u201d, disse.<\/p>\n<p>Com o apoio de Ran\u00edlson Enfermeiro e Izaac da Sa\u00fade, o nome de Anderson Luiz se consolida ainda mais, refor\u00e7ando o compromisso com o di\u00e1logo, a inclus\u00e3o e o desenvolvimento de Caruaru.<br \/>\nSeja seguidor do Instagram @portaledvaldomagalhaes<br \/>\nFoto: Divulga\u00e7\u00e3o <\/p>\n","protected":false},"excerpt":{"rendered":"<p>O pr\u00e9-candidato a deputado estadual e atual secret\u00e1rio municipal de Articula\u00e7\u00e3o Pol\u00edtica, Anderson Luiz, segue ganhando for\u00e7a em Caruaru. Nesta&hellip;<\/p>\n","protected":false},"author":1,"featured_media":124188,"comment_status":"closed","ping_status":"open","sticky":false,"template":"","format":"standard","meta":{"footnotes":""},"categories":[14122],"tags":[13146,35104,20,34634],"class_list":["post-124187","post","type-post","status-publish","format-standard","has-post-thumbnail","hentry","category-politica","tag-blog-edvaldo-magalhaes","tag-ex-vereadores-de-caruaru-anunciam-apoio-a-anderson-luiz-para-deputado-estadual","tag-politica","tag-portal-edvaldo-magalhaes"],"_links":{"self":[{"href":"https:\/\/blogdoedvaldomagalhaes.com.br\/index.php\/wp-json\/wp\/v2\/posts\/124187","targetHints":{"allow":["GET"]}}],"collection":[{"href":"https:\/\/blogdoedvaldomagalhaes.com.br\/index.php\/wp-json\/wp\/v2\/posts"}],"about":[{"href":"https:\/\/blogdoedvaldomagalhaes.com.br\/index.php\/wp-json\/wp\/v2\/types\/post"}],"author":[{"embeddable":true,"href":"https:\/\/blogdoedvaldomagalhaes.com.br\/index.php\/wp-json\/wp\/v2\/users\/1"}],"replies":[{"embeddable":true,"href":"https:\/\/blogdoedvaldomagalhaes.com.br\/index.php\/wp-json\/wp\/v2\/comments?post=124187"}],"version-history":[{"count":1,"href":"https:\/\/blogdoedvaldomagalhaes.com.br\/index.php\/wp-json\/wp\/v2\/posts\/124187\/revisions"}],"predecessor-version":[{"id":124189,"href":"https:\/\/blogdoedvaldomagalhaes.com.br\/index.php\/wp-json\/wp\/v2\/posts\/124187\/revisions\/124189"}],"wp:featuredmedia":[{"embeddable":true,"href":"https:\/\/blogdoedvaldomagalhaes.com.br\/index.php\/wp-json\/wp\/v2\/media\/124188"}],"wp:attachment":[{"href":"https:\/\/blogdoedvaldomagalhaes.com.br\/index.php\/wp-json\/wp\/v2\/media?parent=124187"}],"wp:term":[{"taxonomy":"category","embeddable":true,"href":"https:\/\/blogdoedvaldomagalhaes.com.br\/index.php\/wp-json\/wp\/v2\/categories?post=124187"},{"taxonomy":"post_tag","embeddable":true,"href":"https:\/\/blogdoedvaldomagalhaes.com.br\/index.php\/wp-json\/wp\/v2\/tags?post=124187"}],"curies":[{"name":"wp","href":"https:\/\/api.w.org\/{rel}","templated":true}]}}