{"id":124100,"date":"2025-10-27T14:37:53","date_gmt":"2025-10-27T17:37:53","guid":{"rendered":"https:\/\/blogdoedvaldomagalhaes.com.br\/?p=124100"},"modified":"2025-10-27T20:07:45","modified_gmt":"2025-10-27T23:07:45","slug":"em-copenhague-governadora-raquel-lyra-anuncia-antecipacao-em-sete-anos-da-segunda-fase-do-terminal-de-conteineres-da-apm-terminals-em-suape","status":"publish","type":"post","link":"https:\/\/blogdoedvaldomagalhaes.com.br\/index.php\/2025\/10\/27\/em-copenhague-governadora-raquel-lyra-anuncia-antecipacao-em-sete-anos-da-segunda-fase-do-terminal-de-conteineres-da-apm-terminals-em-suape\/","title":{"rendered":"Em Copenhague, governadora Raquel Lyra anuncia antecipa\u00e7\u00e3o em sete anos da segunda fase do terminal de cont\u00eaineres da APM Terminals em Suape"},"content":{"rendered":"<p>_Empresa dinamarquesa est\u00e1 formalizando a aquisi\u00e7\u00e3o de nova \u00e1rea no Porto de Suape para expans\u00e3o do terminal_<\/p>\n<p>Durante reuni\u00e3o com a APM Terminals na sede do Grupo Maersk, em Copenhague, a governadora Raquel Lyra pactuou a antecipa\u00e7\u00e3o da segunda fase do terminal de cont\u00eaineres que a companhia est\u00e1 implantando no Complexo Industrial Portu\u00e1rio de Suape. O equipamento ser\u00e1 o primeiro terminal 100% eletrificado da Am\u00e9rica Latina, consolidando Suape como o hub log\u00edstico mais moderno e sustent\u00e1vel do Hemisf\u00e9rio Sul. Os dirigentes da Maersk detalharam o cronograma do investimento, que j\u00e1 supera R$ 2 bilh\u00f5es, e adiantaram que novas \u00e1reas j\u00e1 foram solicitadas para expans\u00e3o do terminal.<\/p>\n<p>\u201cEm mais um dia de trabalho aqui na Dinamarca, em Copenhague, estamos visitando a Maersk, que est\u00e1 fazendo o terminal de cont\u00eaineres no Porto de Suape e ser\u00e1 o mais moderno da Am\u00e9rica Latina, totalmente eletrificado. S\u00e3o R$ 2,2 bilh\u00f5es que est\u00e3o sendo investidos nessa primeira fase. E de olho no futuro, j\u00e1 est\u00e1 em planejamento a segunda fase. Foi solicitada uma nova \u00e1rea para a expans\u00e3o do terminal em Suape e com certeza iremos garantir que os investimentos continuem acontecendo em Pernambuco\u201d, destacou Raquel Lyra.<\/p>\n<p>A reuni\u00e3o tamb\u00e9m refor\u00e7ou os la\u00e7os institucionais entre o Governo de Pernambuco e a empresa do Grupo Maersk. A segunda fase da constru\u00e7\u00e3o, que estava prevista para iniciar em 2034, j\u00e1 est\u00e1 sendo antecipada pela companhia para 2027, diante da conclus\u00e3o da demanda esperada para a primeira fase do terminal. &#8220;N\u00f3s acreditamos muito no nosso projeto no Porto de Suape e, na nossa vis\u00e3o, podemos expandir o ramal em um futuro curto. Poderemos fazer um terminal super tecnol\u00f3gico que vai ajudar bastante as empresas em Pernambuco&#8221;, afirmou o diretor-superintendente da APM Terminals, Daniel Rose.<\/p>\n<p>Com capacidade inicial de 400 mil TEUs\/ano (medida-padr\u00e3o utilizada para calcular o volume de um cont\u00eainer). Na fase de obras, cerca de 2 mil empregos diretos e 4 mil indiretos est\u00e3o sendo gerados. Na opera\u00e7\u00e3o, a previs\u00e3o \u00e9 de 250 empregos diretos e mais de 2 mil indiretos, impulsionando a economia regional.<\/p>\n<p>Para o secret\u00e1rio de Desenvolvimento Econ\u00f4mico, Guilherme Cavalcanti, o an\u00fancio da expans\u00e3o demonstra a pot\u00eancia da economia pernambucana. &#8220;A Maersk est\u00e1 perto de concluir a primeira etapa do terminal de cont\u00eaineres j\u00e1 planejando a antecipa\u00e7\u00e3o em sete anos da segunda etapa. Celebramos esse an\u00fancio como um sinal da for\u00e7a da economia de Pernambuco e, acima de tudo, da compet\u00eancia do Estado que conseguiu garantir o que era necess\u00e1rio para desenvolver esse projeto&#8221;, pontuou.<\/p>\n<p>O terminal, projetado para operar com tecnologia el\u00e9trica e digital, est\u00e1 em constru\u00e7\u00e3o com previs\u00e3o de in\u00edcio das opera\u00e7\u00f5es no segundo semestre de 2026. &#8220;Foi solicitada uma nova \u00e1rea em Suape para ampliar o terminal, o que significa mais investimentos e a gera\u00e7\u00e3o de ainda mais empregos. Sem d\u00favida, ser\u00e1 um grande ganho log\u00edstico para Pernambuco&#8221;, comentou o presidente do Porto de Suape, Armando Monteiro Bisneto.<\/p>\n<p>Durante o encontro, ainda foram alinhados temas como avan\u00e7o da engenharia, etapas de licenciamento, contrata\u00e7\u00e3o de fornecedores e integra\u00e7\u00e3o operacional com as obras estruturantes conduzidas pelo Governo de Pernambuco em Suape, como a dragagem interna em licita\u00e7\u00e3o, a dragagem externa j\u00e1 conclu\u00edda e a requalifica\u00e7\u00e3o do molhe.<\/p>\n<p>Participaram da reuni\u00e3o vice-presidente executiva e diretor de assuntos corporativos da Maersk, Caroline Pontoppidan; o diretor de parcerias globais e ESG, assuntos p\u00fablicos e regulat\u00f3rio da Maersk, Concepci\u00f3n Boo Arias; o presidente do Sinda\u00e7\u00facar\/PE, Renato Cunha; o vice-presidente do Movimento Atitude, Marcelo Guerra; o presidente da Fiepe, Bruno Veloso e o vice, Massimo Cadorin.<\/p>\n<p>Integram a comitiva pernambucana os secret\u00e1rios estaduais Jo\u00e3o Salles (Assessoria Especial \u00e0 Governadora e Rela\u00e7\u00f5es Internacionais) e Andr\u00e9 Teixeira Filho (Mobilidade e Infraestrutura); e das secret\u00e1rias-executivas Rayane Aguiar (Rela\u00e7\u00f5es Internacionais) e Daniela Britto (Imprensa).<br \/>\nSiga o Instagram @portaledvaldomagalhaes<br \/>\nFoto: Divulga\u00e7\u00e3o.<\/p>\n","protected":false},"excerpt":{"rendered":"<p>_Empresa dinamarquesa est\u00e1 formalizando a aquisi\u00e7\u00e3o de nova \u00e1rea no Porto de Suape para expans\u00e3o do terminal_ Durante reuni\u00e3o com&hellip;<\/p>\n","protected":false},"author":1,"featured_media":124103,"comment_status":"closed","ping_status":"open","sticky":false,"template":"","format":"standard","meta":{"footnotes":""},"categories":[14122],"tags":[13146,35085,35086,34634],"class_list":["post-124100","post","type-post","status-publish","format-standard","has-post-thumbnail","hentry","category-politica","tag-blog-edvaldo-magalhaes","tag-em-copenhague","tag-governadora-raquel-lyra-anuncia-antecipacao-em-sete-anos-da-segunda-fase-do-terminal-de-conteineres-da-apm-terminals-em-suape","tag-portal-edvaldo-magalhaes"],"_links":{"self":[{"href":"https:\/\/blogdoedvaldomagalhaes.com.br\/index.php\/wp-json\/wp\/v2\/posts\/124100","targetHints":{"allow":["GET"]}}],"collection":[{"href":"https:\/\/blogdoedvaldomagalhaes.com.br\/index.php\/wp-json\/wp\/v2\/posts"}],"about":[{"href":"https:\/\/blogdoedvaldomagalhaes.com.br\/index.php\/wp-json\/wp\/v2\/types\/post"}],"author":[{"embeddable":true,"href":"https:\/\/blogdoedvaldomagalhaes.com.br\/index.php\/wp-json\/wp\/v2\/users\/1"}],"replies":[{"embeddable":true,"href":"https:\/\/blogdoedvaldomagalhaes.com.br\/index.php\/wp-json\/wp\/v2\/comments?post=124100"}],"version-history":[{"count":2,"href":"https:\/\/blogdoedvaldomagalhaes.com.br\/index.php\/wp-json\/wp\/v2\/posts\/124100\/revisions"}],"predecessor-version":[{"id":124104,"href":"https:\/\/blogdoedvaldomagalhaes.com.br\/index.php\/wp-json\/wp\/v2\/posts\/124100\/revisions\/124104"}],"wp:featuredmedia":[{"embeddable":true,"href":"https:\/\/blogdoedvaldomagalhaes.com.br\/index.php\/wp-json\/wp\/v2\/media\/124103"}],"wp:attachment":[{"href":"https:\/\/blogdoedvaldomagalhaes.com.br\/index.php\/wp-json\/wp\/v2\/media?parent=124100"}],"wp:term":[{"taxonomy":"category","embeddable":true,"href":"https:\/\/blogdoedvaldomagalhaes.com.br\/index.php\/wp-json\/wp\/v2\/categories?post=124100"},{"taxonomy":"post_tag","embeddable":true,"href":"https:\/\/blogdoedvaldomagalhaes.com.br\/index.php\/wp-json\/wp\/v2\/tags?post=124100"}],"curies":[{"name":"wp","href":"https:\/\/api.w.org\/{rel}","templated":true}]}}