{"id":1241,"date":"2018-09-22T16:03:00","date_gmt":"2018-09-22T19:03:00","guid":{"rendered":"http:\/\/blogdoedvaldomagalhaes.com.br\/index.php\/2018\/09\/22\/dia-da-arvore-e-comemorado-por-alunos\/"},"modified":"2019-02-09T02:31:53","modified_gmt":"2019-02-09T04:31:53","slug":"dia-da-arvore-e-comemorado-por-alunos","status":"publish","type":"post","link":"https:\/\/blogdoedvaldomagalhaes.com.br\/index.php\/2018\/09\/22\/dia-da-arvore-e-comemorado-por-alunos\/","title":{"rendered":"Dia da \u00c1rvore \u00e9 comemorado por alunos do Col\u00e9gio Sagrado Cora\u00e7\u00e3o"},"content":{"rendered":"<div class=\"separator\" style=\"clear: both; text-align: center;\">\n<a href=\"https:\/\/3.bp.blogspot.com\/-rekcqTX-Rv0\/W6Zm5W3bdxI\/AAAAAAAA6cc\/XhvIlh0_QgcTvxir8dd7lZFbuwjeiBI8gCLcBGAs\/s1600\/IMG_20180921_083210460_HDR.jpg\" imageanchor=\"1\" style=\"margin-left: 1em; margin-right: 1em;\"><img loading=\"lazy\" decoding=\"async\" border=\"0\" data-original-height=\"1200\" data-original-width=\"1600\" height=\"480\" src=\"http:\/\/blogdoedvaldomagalhaes.com.br\/wp-content\/uploads\/2018\/09\/IMG_20180921_083210460_HDR.jpg\" width=\"640\" \/><\/a><\/div>\n<div class=\"separator\" style=\"clear: both; text-align: center;\">\n<\/div>\n<div class=\"separator\" style=\"clear: both; text-align: justify;\">\nComemorado nacionalmente no dia 21 de setembro, o Dia da \u00c1rvore visa a conscientiza\u00e7\u00e3o a respeito da preserva\u00e7\u00e3o ambiental. Pensando na promo\u00e7\u00e3o da tomada de consci\u00eancia atrav\u00e9s de exemplos pr\u00e1ticos, estudantes do 8\u00ba ano de escolaridade do Ensino Fundamental do Col\u00e9gio Sagrado Cora\u00e7\u00e3o de Caruaru, estiveram em uma \u00e1rvores da esp\u00e9cie Ip\u00ea na rua da Matriz, no centro da cidade, juntamente com o professor Alexandre Henrique e o ambientalista Severino Montenegro, na manh\u00e3 dessa sexta-feira (21).<\/div>\n<div class=\"separator\" style=\"clear: both; text-align: center;\">\n<\/div>\n<div class=\"separator\" style=\"clear: both; text-align: center;\">\n<a href=\"https:\/\/2.bp.blogspot.com\/-Rcj5mVpjr8c\/W6ZnLAgHjVI\/AAAAAAAA6ck\/6Ce35EauKz00fPxf-S7ajUgLCQp6pXB5gCLcBGAs\/s1600\/IMG_20180921_082805607.jpg\" imageanchor=\"1\" style=\"margin-left: 1em; margin-right: 1em;\"><img loading=\"lazy\" decoding=\"async\" border=\"0\" data-original-height=\"1200\" data-original-width=\"1600\" height=\"480\" src=\"http:\/\/blogdoedvaldomagalhaes.com.br\/wp-content\/uploads\/2018\/09\/IMG_20180921_082805607.jpg\" width=\"640\" \/><\/a><\/div>\n<p><\/p>\n<div style=\"text-align: justify;\">\nA data comemorada no Brasil \u00e9 diferente em outras partes do mundo, tendo sido escolhida por ocasi\u00e3o do in\u00edcio da primavera no hemisf\u00e9rio Sul. A principal reflex\u00e3o levantada no Dia da \u00c1rvore perpassa a quest\u00e3o do uso sustent\u00e1vel desse bem natural, j\u00e1 que atua na produ\u00e7\u00e3o de oxig\u00eanio, aumento da umidade do ar, redu\u00e7\u00e3o da temperatura, evita eros\u00f5es, \u00e9 abrigo para algumas esp\u00e9cies de animais, produz alimento e mat\u00e9ria-prima para diversos produtos da ind\u00fastria civil, papelaria e farmac\u00eautica.<\/div>\n<div style=\"text-align: justify;\">\n<\/div>\n<div class=\"separator\" style=\"clear: both; text-align: center;\">\n<a href=\"https:\/\/3.bp.blogspot.com\/-G_0pwkRyg2g\/W6ZnT_cEjbI\/AAAAAAAA6co\/UImQKrIMqtgrtX-eG8jKIGxh66a7ub5SwCLcBGAs\/s1600\/IMG_20180921_082043676.jpg\" imageanchor=\"1\" style=\"margin-left: 1em; margin-right: 1em;\"><img loading=\"lazy\" decoding=\"async\" border=\"0\" data-original-height=\"1200\" data-original-width=\"1600\" height=\"480\" src=\"http:\/\/blogdoedvaldomagalhaes.com.br\/wp-content\/uploads\/2018\/09\/IMG_20180921_082043676.jpg\" width=\"640\" \/><\/a><\/div>\n<p><\/p>\n<div style=\"text-align: justify;\">\nO professor Alexandre Henrique afirmou que o intuito foi de tentar conscientizar e sensibilidade a popula\u00e7\u00e3o da import\u00e2ncia das \u00e1rvores para a vida de todos. \u00c1rvore \u00e9 qualidade de vida, \u00e9 a nossa sobreviv\u00eancia. Foram colocadas algumas placas penduradas no Ip\u00ea, localizada em frente a Catedral de Nossa Senhora das Dores, para que as pessoas fizessem a leitura de algumas frases, como: produzo oxig\u00eanio, produzo \u00e1gua, elimino gazes t\u00f3xicos, entre outras.&nbsp;<\/div>\n<p><\/p>\n<div class=\"separator\" style=\"clear: both; text-align: center;\">\n<a href=\"https:\/\/4.bp.blogspot.com\/-JjUMlFTd65M\/W6ZnUEoDWhI\/AAAAAAAA6cs\/-SRRvJEzGhY8PApcnxqTlG02mwjtptxrQCLcBGAs\/s1600\/IMG_20180921_082033827_HDR.jpg\" imageanchor=\"1\" style=\"margin-left: 1em; margin-right: 1em;\"><img loading=\"lazy\" decoding=\"async\" border=\"0\" data-original-height=\"1200\" data-original-width=\"1600\" height=\"480\" src=\"http:\/\/blogdoedvaldomagalhaes.com.br\/wp-content\/uploads\/2018\/09\/IMG_20180921_082033827_HDR.jpg\" width=\"640\" \/><\/a><\/div>\n<p><\/p>\n<div style=\"text-align: justify;\">\nOs alunos aprendem a educa\u00e7\u00e3o ambiental no col\u00e9gio, valorizando a natureza desde adolescentes.&nbsp;<\/div>\n","protected":false},"excerpt":{"rendered":"<p>Comemorado nacionalmente no dia 21 de setembro, o Dia da \u00c1rvore visa a conscientiza\u00e7\u00e3o a respeito da preserva\u00e7\u00e3o ambiental. Pensando&hellip;<\/p>\n","protected":false},"author":1,"featured_media":0,"comment_status":"open","ping_status":"open","sticky":false,"template":"","format":"standard","meta":{"footnotes":""},"categories":[1],"tags":[2,1198,6],"class_list":["post-1241","post","type-post","status-publish","format-standard","hentry","category-sem-categoria","tag-blog-do-edvaldo-magalhaes","tag-dia-da-arvore-e-comemorado-por-alunos-do-colegio-sagrado-coracao","tag-noticias"],"_links":{"self":[{"href":"https:\/\/blogdoedvaldomagalhaes.com.br\/index.php\/wp-json\/wp\/v2\/posts\/1241","targetHints":{"allow":["GET"]}}],"collection":[{"href":"https:\/\/blogdoedvaldomagalhaes.com.br\/index.php\/wp-json\/wp\/v2\/posts"}],"about":[{"href":"https:\/\/blogdoedvaldomagalhaes.com.br\/index.php\/wp-json\/wp\/v2\/types\/post"}],"author":[{"embeddable":true,"href":"https:\/\/blogdoedvaldomagalhaes.com.br\/index.php\/wp-json\/wp\/v2\/users\/1"}],"replies":[{"embeddable":true,"href":"https:\/\/blogdoedvaldomagalhaes.com.br\/index.php\/wp-json\/wp\/v2\/comments?post=1241"}],"version-history":[{"count":1,"href":"https:\/\/blogdoedvaldomagalhaes.com.br\/index.php\/wp-json\/wp\/v2\/posts\/1241\/revisions"}],"predecessor-version":[{"id":34266,"href":"https:\/\/blogdoedvaldomagalhaes.com.br\/index.php\/wp-json\/wp\/v2\/posts\/1241\/revisions\/34266"}],"wp:attachment":[{"href":"https:\/\/blogdoedvaldomagalhaes.com.br\/index.php\/wp-json\/wp\/v2\/media?parent=1241"}],"wp:term":[{"taxonomy":"category","embeddable":true,"href":"https:\/\/blogdoedvaldomagalhaes.com.br\/index.php\/wp-json\/wp\/v2\/categories?post=1241"},{"taxonomy":"post_tag","embeddable":true,"href":"https:\/\/blogdoedvaldomagalhaes.com.br\/index.php\/wp-json\/wp\/v2\/tags?post=1241"}],"curies":[{"name":"wp","href":"https:\/\/api.w.org\/{rel}","templated":true}]}}