{"id":124097,"date":"2025-10-26T20:40:39","date_gmt":"2025-10-26T23:40:39","guid":{"rendered":"https:\/\/blogdoedvaldomagalhaes.com.br\/?p=124097"},"modified":"2025-10-26T20:40:39","modified_gmt":"2025-10-26T23:40:39","slug":"em-menos-de-6-horas-prf-recupera-dois-veiculos-roubados-e-prende-suspeitos-em-caruaru","status":"publish","type":"post","link":"https:\/\/blogdoedvaldomagalhaes.com.br\/index.php\/2025\/10\/26\/em-menos-de-6-horas-prf-recupera-dois-veiculos-roubados-e-prende-suspeitos-em-caruaru\/","title":{"rendered":"Em menos de 6 horas, PRF recupera dois ve\u00edculos roubados e prende suspeitos em Caruaru"},"content":{"rendered":"<p>Na tarde do s\u00e1bado dia 25 de outubro, durante patrulhamento na BR-104, Km 74, a equipe da PRF abordou um VW\/NOVO GOL 1.6, cor preta. Ap\u00f3s inspe\u00e7\u00e3o detalhada, foram detectadas adultera\u00e7\u00f5es nos elementos de identifica\u00e7\u00e3o do ve\u00edculo. Constatou-se que o autom\u00f3vel havia sido roubado em 23\/04\/2024, em Jaboat\u00e3o dos Guararapes-PE. O condutor foi detido e encaminhado \u00e0 Pol\u00edcia Civil por recepta\u00e7\u00e3o e adultera\u00e7\u00e3o de sinais identificadores de ve\u00edculo.<br \/>\nEm outra ocorr\u00eancia na noite de 25 de outubro, a PRF foi acionada pelo 1\u2070BIESP da Pol\u00edcia Militar (PMPE) para apoiar uma ocorr\u00eancia de poss\u00edvel ve\u00edculo clonado. No local, foi encontrado um JEEP\/RENEGADE, cor branca. A minuciosa inspe\u00e7\u00e3o revelou adultera\u00e7\u00f5es e foi confirmado que o ve\u00edculo possu\u00eda queixa de roubo datada de 24 de setembro de 2024, em Recife-PE. O condutor informou ter adquirido o ve\u00edculo de uma locadora e foi conduzido \u00e0 Delegacia da Pol\u00edcia Civil de Caruaru.<br \/>\nSeja seguidor do Instagram @portaledvaldomagalhaes<br \/>\nFoto: Divulga\u00e7\u00e3o\/PRF<\/p>\n","protected":false},"excerpt":{"rendered":"<p>Na tarde do s\u00e1bado dia 25 de outubro, durante patrulhamento na BR-104, Km 74, a equipe da PRF abordou um&hellip;<\/p>\n","protected":false},"author":1,"featured_media":124098,"comment_status":"closed","ping_status":"open","sticky":false,"template":"","format":"standard","meta":{"footnotes":""},"categories":[14121],"tags":[13146,3406,34634],"class_list":["post-124097","post","type-post","status-publish","format-standard","has-post-thumbnail","hentry","category-policial","tag-blog-edvaldo-magalhaes","tag-caruaru","tag-portal-edvaldo-magalhaes"],"_links":{"self":[{"href":"https:\/\/blogdoedvaldomagalhaes.com.br\/index.php\/wp-json\/wp\/v2\/posts\/124097","targetHints":{"allow":["GET"]}}],"collection":[{"href":"https:\/\/blogdoedvaldomagalhaes.com.br\/index.php\/wp-json\/wp\/v2\/posts"}],"about":[{"href":"https:\/\/blogdoedvaldomagalhaes.com.br\/index.php\/wp-json\/wp\/v2\/types\/post"}],"author":[{"embeddable":true,"href":"https:\/\/blogdoedvaldomagalhaes.com.br\/index.php\/wp-json\/wp\/v2\/users\/1"}],"replies":[{"embeddable":true,"href":"https:\/\/blogdoedvaldomagalhaes.com.br\/index.php\/wp-json\/wp\/v2\/comments?post=124097"}],"version-history":[{"count":1,"href":"https:\/\/blogdoedvaldomagalhaes.com.br\/index.php\/wp-json\/wp\/v2\/posts\/124097\/revisions"}],"predecessor-version":[{"id":124099,"href":"https:\/\/blogdoedvaldomagalhaes.com.br\/index.php\/wp-json\/wp\/v2\/posts\/124097\/revisions\/124099"}],"wp:featuredmedia":[{"embeddable":true,"href":"https:\/\/blogdoedvaldomagalhaes.com.br\/index.php\/wp-json\/wp\/v2\/media\/124098"}],"wp:attachment":[{"href":"https:\/\/blogdoedvaldomagalhaes.com.br\/index.php\/wp-json\/wp\/v2\/media?parent=124097"}],"wp:term":[{"taxonomy":"category","embeddable":true,"href":"https:\/\/blogdoedvaldomagalhaes.com.br\/index.php\/wp-json\/wp\/v2\/categories?post=124097"},{"taxonomy":"post_tag","embeddable":true,"href":"https:\/\/blogdoedvaldomagalhaes.com.br\/index.php\/wp-json\/wp\/v2\/tags?post=124097"}],"curies":[{"name":"wp","href":"https:\/\/api.w.org\/{rel}","templated":true}]}}