{"id":124090,"date":"2025-10-25T21:41:24","date_gmt":"2025-10-26T00:41:24","guid":{"rendered":"https:\/\/blogdoedvaldomagalhaes.com.br\/?p=124090"},"modified":"2025-10-25T21:48:06","modified_gmt":"2025-10-26T00:48:06","slug":"governador-em-exercicio-ricardo-paes-barreto-visita-obras-em-rodovias-da-mata-sul","status":"publish","type":"post","link":"https:\/\/blogdoedvaldomagalhaes.com.br\/index.php\/2025\/10\/25\/governador-em-exercicio-ricardo-paes-barreto-visita-obras-em-rodovias-da-mata-sul\/","title":{"rendered":"Governador em exerc\u00edcio Ricardo Paes Barreto visita obras em rodovias da Mata Sul"},"content":{"rendered":"<p>O governador em exerc\u00edcio Ricardo Paes Barreto vistoriou, neste s\u00e1bado (25), as obras de requalifica\u00e7\u00e3o das PE-073 e PE-061, na Mata Sul do Estado. O Governo de Pernambuco, atrav\u00e9s do Programa PE na Estrada, segue investindo na recupera\u00e7\u00e3o da malha vi\u00e1ria pernambucana. Somente na Mata Sul, est\u00e3o sendo restaurados 249 km de rodovias.<\/p>\n<p>&#8220;Fico muito feliz n\u00e3o s\u00f3 em acompanhar as obras do Governo, mas de regressar a Ribeir\u00e3o, e testemunhar as melhorias que v\u00eam sendo feitas nas estradas. Temos uma nova realidade, fruto do esfor\u00e7o e dos investimentos que o Governo de Pernambuco tem deixado n\u00e3o s\u00f3 na Mata Sul, mas em todo o Estado&#8221;, destacou o governador em exerc\u00edcio Ricardo Paes Barreto.<\/p>\n<p>A PE-061 recebe melhorias no trecho entre a PE-060, em Sirinha\u00e9m, e a PE-009, em Barra do Sirinha\u00e9m, com 10,8 km em recupera\u00e7\u00e3o. J\u00e1 na PE-073, dois trechos est\u00e3o sendo recuperados. O primeiro vai da PE-070 (Usina Cuca\u00fa) at\u00e9 a BR-101, em Ribeir\u00e3o, com extens\u00e3o de 22,6 km, o segundo liga a PE-060, em Rio Formoso, \u00e0 PE-070 (Usina Cuca\u00fa), com 15 km recuperados.<\/p>\n<p>Andr\u00e9 Fonseca, diretor-presidente do Departamento de Estradas e Rodagem (DER), apresentou um panorama da recupera\u00e7\u00e3o e execu\u00e7\u00e3o das vias para garantir mais fluidez no Litoral Sul. &#8220;S\u00e3o vias que possibilitam mais tranquilidade para a popula\u00e7\u00e3o, al\u00e9m de facilitar o acesso \u00e0s nossas praias e o escoamento da produ\u00e7\u00e3o do Porto de Suape e do setor sucroenerg\u00e9tico. As obras est\u00e3o a todo vapor em todo territ\u00f3rio pernambucano, com um investimento superarior a R$ 5 bilh\u00f5es s\u00f3 para a recupera\u00e7\u00e3o de estradas&#8221;, afirmou.<\/p>\n<p>Todos esses investimentos s\u00e3o parte do PE na Estrada, que, at\u00e9 outubro de 2025, recuperou mais de 1.300 km de rodovias. At\u00e9 o final de 2026, 3,5 mil km de vias ser\u00e3o recuperadas.<\/p>\n<p>O deputado estadual France Hacker refor\u00e7ou a parceria com a gest\u00e3o estadual e os avan\u00e7os para a regi\u00e3o. &#8220;O Governo est\u00e1 trabalhando, n\u00e3o s\u00f3 com essas estradas, mas com uma s\u00e9rie de a\u00e7\u00f5es que valorizam a sa\u00fade, turismo e qualidade de vida dos pernambucanos. Me sinto honrado em fazer parte desse projeto de mudan\u00e7a, ajudando sempre para desenvolver ainda mais a nossa Mata Sul&#8221;, pontuou.<\/p>\n<p>Marcaram presen\u00e7a na vistoria o secret\u00e1rio da Casa Civil, T\u00falio Vila\u00e7a; o secret\u00e1rio executivo de Mobilidade e Infraestrutura (Semobi), Pedro Neves; e os prefeitos Berg de Hacker (Rio Formoso), F\u00e1tima Borba (Cort\u00eas), Manoel da Ret\u00edfica (Sirinha\u00e9m), J\u00fanior de Beto (Palmares) Dona Gra\u00e7a (Catende) e Miruca (\u00c1gua Preta); al\u00e9m do vice-prefeito de Barreiros, Zonari Sanguinetti. Foto: Hes\u00edodo G\u00f3es\/Secom.<br \/>\nSeja seguidor do Instagram @portaledvaldomagalhaes<\/p>\n","protected":false},"excerpt":{"rendered":"<p>O governador em exerc\u00edcio Ricardo Paes Barreto vistoriou, neste s\u00e1bado (25), as obras de requalifica\u00e7\u00e3o das PE-073 e PE-061, na&hellip;<\/p>\n","protected":false},"author":1,"featured_media":124092,"comment_status":"closed","ping_status":"open","sticky":false,"template":"","format":"standard","meta":{"footnotes":""},"categories":[14122],"tags":[13146],"class_list":["post-124090","post","type-post","status-publish","format-standard","has-post-thumbnail","hentry","category-politica","tag-blog-edvaldo-magalhaes"],"_links":{"self":[{"href":"https:\/\/blogdoedvaldomagalhaes.com.br\/index.php\/wp-json\/wp\/v2\/posts\/124090","targetHints":{"allow":["GET"]}}],"collection":[{"href":"https:\/\/blogdoedvaldomagalhaes.com.br\/index.php\/wp-json\/wp\/v2\/posts"}],"about":[{"href":"https:\/\/blogdoedvaldomagalhaes.com.br\/index.php\/wp-json\/wp\/v2\/types\/post"}],"author":[{"embeddable":true,"href":"https:\/\/blogdoedvaldomagalhaes.com.br\/index.php\/wp-json\/wp\/v2\/users\/1"}],"replies":[{"embeddable":true,"href":"https:\/\/blogdoedvaldomagalhaes.com.br\/index.php\/wp-json\/wp\/v2\/comments?post=124090"}],"version-history":[{"count":2,"href":"https:\/\/blogdoedvaldomagalhaes.com.br\/index.php\/wp-json\/wp\/v2\/posts\/124090\/revisions"}],"predecessor-version":[{"id":124093,"href":"https:\/\/blogdoedvaldomagalhaes.com.br\/index.php\/wp-json\/wp\/v2\/posts\/124090\/revisions\/124093"}],"wp:featuredmedia":[{"embeddable":true,"href":"https:\/\/blogdoedvaldomagalhaes.com.br\/index.php\/wp-json\/wp\/v2\/media\/124092"}],"wp:attachment":[{"href":"https:\/\/blogdoedvaldomagalhaes.com.br\/index.php\/wp-json\/wp\/v2\/media?parent=124090"}],"wp:term":[{"taxonomy":"category","embeddable":true,"href":"https:\/\/blogdoedvaldomagalhaes.com.br\/index.php\/wp-json\/wp\/v2\/categories?post=124090"},{"taxonomy":"post_tag","embeddable":true,"href":"https:\/\/blogdoedvaldomagalhaes.com.br\/index.php\/wp-json\/wp\/v2\/tags?post=124090"}],"curies":[{"name":"wp","href":"https:\/\/api.w.org\/{rel}","templated":true}]}}