{"id":124074,"date":"2025-10-25T12:41:41","date_gmt":"2025-10-25T15:41:41","guid":{"rendered":"https:\/\/blogdoedvaldomagalhaes.com.br\/?p=124074"},"modified":"2025-10-25T13:22:42","modified_gmt":"2025-10-25T16:22:42","slug":"master-brejense-x-central-master-jogam-em-brejo-da-madre-de-deus-neste-domingo-26","status":"publish","type":"post","link":"https:\/\/blogdoedvaldomagalhaes.com.br\/index.php\/2025\/10\/25\/master-brejense-x-central-master-jogam-em-brejo-da-madre-de-deus-neste-domingo-26\/","title":{"rendered":"M\u00e1ster Brejense x Central M\u00e1ster jogam em Brejo da Madre de Deus, neste domingo (26)"},"content":{"rendered":"<p>Neste domingo (26), o Central M\u00e1ster vai jogar amistosamente a partir das 09h da manh\u00e3 com o M\u00e1ster Brejense, no Est\u00e1dio Valdomiro Silva, na cidade de Brejo da Madre de Deus.<\/p>\n<p>Rela\u00e7\u00e3o do Central M\u00e1ster para o jogo amistoso: Sandro, Jadson, Leonel, Renato, Ryder, Gilberto, Silvio Veras, Bento, Reginaldo Cachimbo, Eus\u00e9bio, Batota, Sil, Serginho, Anselmo, Aldir, Selmir, Normando, Erick, \u00cdndio, Mancha, Washington, M\u00e1rcio, Flavinho, Romero, Lima, Zidane<\/p>\n<p>Comiss\u00e3o:<br \/>\nMister Bezerra<br \/>\nPreparador f\u00edsico Prof.Edmilson<br \/>\nFoto do Central: Edvaldo Magalh\u00e3es<br \/>\nSiga o Instagram @portaledvaldomagalhaes<br \/>\nMassagista Carlinhos<\/p>\n","protected":false},"excerpt":{"rendered":"<p>Neste domingo (26), o Central M\u00e1ster vai jogar amistosamente a partir das 09h da manh\u00e3 com o M\u00e1ster Brejense, no&hellip;<\/p>\n","protected":false},"author":1,"featured_media":124078,"comment_status":"closed","ping_status":"open","sticky":false,"template":"","format":"standard","meta":{"footnotes":""},"categories":[14120],"tags":[13146,3406,3,35076,34634],"class_list":["post-124074","post","type-post","status-publish","format-standard","has-post-thumbnail","hentry","category-noticias","tag-blog-edvaldo-magalhaes","tag-caruaru","tag-futebol","tag-master-brejense-x-central-master-jogam-em-brejo-da-madre-de-deus-neste-domingo-26","tag-portal-edvaldo-magalhaes"],"_links":{"self":[{"href":"https:\/\/blogdoedvaldomagalhaes.com.br\/index.php\/wp-json\/wp\/v2\/posts\/124074","targetHints":{"allow":["GET"]}}],"collection":[{"href":"https:\/\/blogdoedvaldomagalhaes.com.br\/index.php\/wp-json\/wp\/v2\/posts"}],"about":[{"href":"https:\/\/blogdoedvaldomagalhaes.com.br\/index.php\/wp-json\/wp\/v2\/types\/post"}],"author":[{"embeddable":true,"href":"https:\/\/blogdoedvaldomagalhaes.com.br\/index.php\/wp-json\/wp\/v2\/users\/1"}],"replies":[{"embeddable":true,"href":"https:\/\/blogdoedvaldomagalhaes.com.br\/index.php\/wp-json\/wp\/v2\/comments?post=124074"}],"version-history":[{"count":2,"href":"https:\/\/blogdoedvaldomagalhaes.com.br\/index.php\/wp-json\/wp\/v2\/posts\/124074\/revisions"}],"predecessor-version":[{"id":124077,"href":"https:\/\/blogdoedvaldomagalhaes.com.br\/index.php\/wp-json\/wp\/v2\/posts\/124074\/revisions\/124077"}],"wp:featuredmedia":[{"embeddable":true,"href":"https:\/\/blogdoedvaldomagalhaes.com.br\/index.php\/wp-json\/wp\/v2\/media\/124078"}],"wp:attachment":[{"href":"https:\/\/blogdoedvaldomagalhaes.com.br\/index.php\/wp-json\/wp\/v2\/media?parent=124074"}],"wp:term":[{"taxonomy":"category","embeddable":true,"href":"https:\/\/blogdoedvaldomagalhaes.com.br\/index.php\/wp-json\/wp\/v2\/categories?post=124074"},{"taxonomy":"post_tag","embeddable":true,"href":"https:\/\/blogdoedvaldomagalhaes.com.br\/index.php\/wp-json\/wp\/v2\/tags?post=124074"}],"curies":[{"name":"wp","href":"https:\/\/api.w.org\/{rel}","templated":true}]}}