{"id":124069,"date":"2025-10-25T12:01:21","date_gmt":"2025-10-25T15:01:21","guid":{"rendered":"https:\/\/blogdoedvaldomagalhaes.com.br\/?p=124069"},"modified":"2025-10-25T12:22:07","modified_gmt":"2025-10-25T15:22:07","slug":"caravana-especial-de-natal-da-coca-cola-chega-hoje-25-em-caruaru","status":"publish","type":"post","link":"https:\/\/blogdoedvaldomagalhaes.com.br\/index.php\/2025\/10\/25\/caravana-especial-de-natal-da-coca-cola-chega-hoje-25-em-caruaru\/","title":{"rendered":"Caravana Especial de Natal da Coca-Cola chega hoje (25) em Caruaru"},"content":{"rendered":"<p>A Caravana Especial de Natal da Coca-Cola chega hoje (25) em Caruaru com a magia de umas das celebra\u00e7\u00f5es mais esperadas do ano que \u00e9 o Natal para acender o esp\u00edrito natalino na popula\u00e7\u00e3o de todas as idades. No desfile, a caravana estar\u00e1 com caminh\u00f5es natalinos que durante o percurso levar\u00e3o ao p\u00fablico m\u00fasicas tem\u00e1ticas, acenos do Papai Noel, al\u00e9m de apresenta\u00e7\u00f5es de Natal.<br \/>\nA caravana vai percorrer as ruas da Capital do Agreste, iniciando \u00e0s 18h na Esta\u00e7\u00e3o Ferrovi\u00e1ria, com paradas no Shopping Difusora, Via Parque e na Avenida Caruaru. Realizada todos os anos, a Caravana de Natal sempre \u00e9 um momento bastante aguardado pelos cidad\u00e3os de Caruaru, principalmente pelas crian\u00e7as que aguardam a chegada do Papai Noel.<br \/>\nA Autarquia de Mobilidade de Caruaru (AMC), informa que, neste s\u00e1bado (25), a partir das 18h, algumas vias do munic\u00edpio estar\u00e3o recebendo um evento alusivo ao per\u00edodo natalino. Agentes de Tr\u00e2nsito da AMC ir\u00e3o acompanhar o evento com o objetivo de organizar o fluxo vi\u00e1rio e garantir a seguran\u00e7a de condutores e pedestres. <\/p>\n<p>O trajeto do evento deve percorrer a Rua Frei Caneca (Esta\u00e7\u00e3o Ferrovi\u00e1ria), Avenida Agamenon Magalh\u00e3es, Via Parque, Avenida Caruaru (Feira da Cohab), Rua Silvino Mac\u00eado, Rua Senador Ant\u00f4nio Jos\u00e9 de Lima (Maur\u00edcio de Nassau), Avenida Rui Barbosa, Rua S\u00edtio dos Moreiras (Jardim Boa Vista), Avenida Bel\u00e9m de S\u00e3o Francisco (Boa Vista II), Rotat\u00f3ria Rom\u00eania (Maur\u00edcio de Nassau) e Rua Silva Filho (centro). <\/p>\n<p>A AMC orienta que os condutores redobrem a aten\u00e7\u00e3o e logo ap\u00f3s o t\u00e9rmino do evento, o fluxo vi\u00e1rio dever\u00e1 retornar ao normal.<br \/>\nPor Nat\u00e1lia Rodrigues<br \/>\nImagem: Divulga\u00e7\u00e3o\/Coca-Cola<\/p>\n","protected":false},"excerpt":{"rendered":"<p>A Caravana Especial de Natal da Coca-Cola chega hoje (25) em Caruaru com a magia de umas das celebra\u00e7\u00f5es mais&hellip;<\/p>\n","protected":false},"author":1,"featured_media":124071,"comment_status":"closed","ping_status":"open","sticky":false,"template":"","format":"standard","meta":{"footnotes":""},"categories":[14120],"tags":[13146,3406,34634],"class_list":["post-124069","post","type-post","status-publish","format-standard","has-post-thumbnail","hentry","category-noticias","tag-blog-edvaldo-magalhaes","tag-caruaru","tag-portal-edvaldo-magalhaes"],"_links":{"self":[{"href":"https:\/\/blogdoedvaldomagalhaes.com.br\/index.php\/wp-json\/wp\/v2\/posts\/124069","targetHints":{"allow":["GET"]}}],"collection":[{"href":"https:\/\/blogdoedvaldomagalhaes.com.br\/index.php\/wp-json\/wp\/v2\/posts"}],"about":[{"href":"https:\/\/blogdoedvaldomagalhaes.com.br\/index.php\/wp-json\/wp\/v2\/types\/post"}],"author":[{"embeddable":true,"href":"https:\/\/blogdoedvaldomagalhaes.com.br\/index.php\/wp-json\/wp\/v2\/users\/1"}],"replies":[{"embeddable":true,"href":"https:\/\/blogdoedvaldomagalhaes.com.br\/index.php\/wp-json\/wp\/v2\/comments?post=124069"}],"version-history":[{"count":3,"href":"https:\/\/blogdoedvaldomagalhaes.com.br\/index.php\/wp-json\/wp\/v2\/posts\/124069\/revisions"}],"predecessor-version":[{"id":124073,"href":"https:\/\/blogdoedvaldomagalhaes.com.br\/index.php\/wp-json\/wp\/v2\/posts\/124069\/revisions\/124073"}],"wp:featuredmedia":[{"embeddable":true,"href":"https:\/\/blogdoedvaldomagalhaes.com.br\/index.php\/wp-json\/wp\/v2\/media\/124071"}],"wp:attachment":[{"href":"https:\/\/blogdoedvaldomagalhaes.com.br\/index.php\/wp-json\/wp\/v2\/media?parent=124069"}],"wp:term":[{"taxonomy":"category","embeddable":true,"href":"https:\/\/blogdoedvaldomagalhaes.com.br\/index.php\/wp-json\/wp\/v2\/categories?post=124069"},{"taxonomy":"post_tag","embeddable":true,"href":"https:\/\/blogdoedvaldomagalhaes.com.br\/index.php\/wp-json\/wp\/v2\/tags?post=124069"}],"curies":[{"name":"wp","href":"https:\/\/api.w.org\/{rel}","templated":true}]}}