{"id":124060,"date":"2025-10-25T10:07:21","date_gmt":"2025-10-25T13:07:21","guid":{"rendered":"https:\/\/blogdoedvaldomagalhaes.com.br\/?p=124060"},"modified":"2025-10-25T10:07:21","modified_gmt":"2025-10-25T13:07:21","slug":"projeto-pe-na-rua-sera-realizado-neste-domingo-26-no-residencial-baraunas","status":"publish","type":"post","link":"https:\/\/blogdoedvaldomagalhaes.com.br\/index.php\/2025\/10\/25\/projeto-pe-na-rua-sera-realizado-neste-domingo-26-no-residencial-baraunas\/","title":{"rendered":"Projeto P\u00e9 na Rua ser\u00e1 realizado neste domingo (26), no Residencial Bara\u00fanas"},"content":{"rendered":"<p>A Autarquia de Mobilidade (AMC) realiza, neste domingo (26), mais uma edi\u00e7\u00e3o do projeto P\u00e9 na Rua. O evento ter\u00e1 in\u00edcio a partir das 15h, no CMEI Professora Lindomar Pinheiro, localizado na rua Mandacaru, no Residencial Bara\u00fanas.<\/p>\n<p>O projeto tem o objetivo de, atrav\u00e9s do aprendizado sobre o tr\u00e2nsito, resgatar a magia das brincadeiras infantis ao ar livre com a proposta de estimular o uso saud\u00e1vel dos espa\u00e7os p\u00fablicos pelas crian\u00e7as, reduzindo o tempo diante das telas e fortalecendo os v\u00ednculos comunit\u00e1rios por meio de jogos tradicionais como amarelinha, corda e queimada.<\/p>\n<p>O P\u00e9 na Rua \u00e9 um evento aberto ao p\u00fablico geral.<br \/>\nSiga o Instagram @portaledvaldomagalhaes<br \/>\nCard: Divulga\u00e7\u00e3o\/Secom PMC<\/p>\n","protected":false},"excerpt":{"rendered":"<p>A Autarquia de Mobilidade (AMC) realiza, neste domingo (26), mais uma edi\u00e7\u00e3o do projeto P\u00e9 na Rua. O evento ter\u00e1&hellip;<\/p>\n","protected":false},"author":1,"featured_media":124061,"comment_status":"closed","ping_status":"open","sticky":false,"template":"","format":"standard","meta":{"footnotes":""},"categories":[14120],"tags":[13146,34634,35073,35074],"class_list":["post-124060","post","type-post","status-publish","format-standard","has-post-thumbnail","hentry","category-noticias","tag-blog-edvaldo-magalhaes","tag-portal-edvaldo-magalhaes","tag-projeto-pe-na-rua-sera-realizado-neste-domingo-26","tag-residencial-baraunas"],"_links":{"self":[{"href":"https:\/\/blogdoedvaldomagalhaes.com.br\/index.php\/wp-json\/wp\/v2\/posts\/124060","targetHints":{"allow":["GET"]}}],"collection":[{"href":"https:\/\/blogdoedvaldomagalhaes.com.br\/index.php\/wp-json\/wp\/v2\/posts"}],"about":[{"href":"https:\/\/blogdoedvaldomagalhaes.com.br\/index.php\/wp-json\/wp\/v2\/types\/post"}],"author":[{"embeddable":true,"href":"https:\/\/blogdoedvaldomagalhaes.com.br\/index.php\/wp-json\/wp\/v2\/users\/1"}],"replies":[{"embeddable":true,"href":"https:\/\/blogdoedvaldomagalhaes.com.br\/index.php\/wp-json\/wp\/v2\/comments?post=124060"}],"version-history":[{"count":1,"href":"https:\/\/blogdoedvaldomagalhaes.com.br\/index.php\/wp-json\/wp\/v2\/posts\/124060\/revisions"}],"predecessor-version":[{"id":124062,"href":"https:\/\/blogdoedvaldomagalhaes.com.br\/index.php\/wp-json\/wp\/v2\/posts\/124060\/revisions\/124062"}],"wp:featuredmedia":[{"embeddable":true,"href":"https:\/\/blogdoedvaldomagalhaes.com.br\/index.php\/wp-json\/wp\/v2\/media\/124061"}],"wp:attachment":[{"href":"https:\/\/blogdoedvaldomagalhaes.com.br\/index.php\/wp-json\/wp\/v2\/media?parent=124060"}],"wp:term":[{"taxonomy":"category","embeddable":true,"href":"https:\/\/blogdoedvaldomagalhaes.com.br\/index.php\/wp-json\/wp\/v2\/categories?post=124060"},{"taxonomy":"post_tag","embeddable":true,"href":"https:\/\/blogdoedvaldomagalhaes.com.br\/index.php\/wp-json\/wp\/v2\/tags?post=124060"}],"curies":[{"name":"wp","href":"https:\/\/api.w.org\/{rel}","templated":true}]}}