{"id":124057,"date":"2025-10-25T10:02:09","date_gmt":"2025-10-25T13:02:09","guid":{"rendered":"https:\/\/blogdoedvaldomagalhaes.com.br\/?p=124057"},"modified":"2025-10-25T10:02:09","modified_gmt":"2025-10-25T13:02:09","slug":"ruas-serao-interditadas-em-caruaru-para-5a-corrida-barreto-de-menezes","status":"publish","type":"post","link":"https:\/\/blogdoedvaldomagalhaes.com.br\/index.php\/2025\/10\/25\/ruas-serao-interditadas-em-caruaru-para-5a-corrida-barreto-de-menezes\/","title":{"rendered":"Ruas ser\u00e3o interditadas em Caruaru para 5\u00aa Corrida Barreto de Menezes"},"content":{"rendered":"<p>A Autarquia de Mobilidade de Caruaru (AMC), informa que, neste domingo (26), a partir das 5h, alguns trechos de ruas e avenidas do munic\u00edpio ser\u00e3o interditados  temporariamente por causa da 5\u00aa edi\u00e7\u00e3o da Corrida Batalh\u00e3o Barreto de Menezes. <\/p>\n<p>O trajeto deve percorrer a Rua Frei Caneca (Esta\u00e7\u00e3o Ferrovi\u00e1ria), Avenida Major Manoel de Freitas, Avenida Agamenon Magalh\u00e3es, Rua Visconde de Inha\u00fama, Rua Armando da Fonte, Avenida Rio Branco e Rua Cleto Campelo. <\/p>\n<p>A AMC orienta que os condutores redobrem a aten\u00e7\u00e3o e logo ap\u00f3s o t\u00e9rmino do evento, o fluxo vi\u00e1rio dever\u00e1 retornar ao normal. Foto: Divulga\u00e7\u00e3o<br \/>\nSeja seguidor do Instagram @portaledvaldomagalhaes<\/p>\n","protected":false},"excerpt":{"rendered":"<p>A Autarquia de Mobilidade de Caruaru (AMC), informa que, neste domingo (26), a partir das 5h, alguns trechos de ruas&hellip;<\/p>\n","protected":false},"author":1,"featured_media":124058,"comment_status":"closed","ping_status":"open","sticky":false,"template":"","format":"standard","meta":{"footnotes":""},"categories":[14120],"tags":[13146,6,34634,35072],"class_list":["post-124057","post","type-post","status-publish","format-standard","has-post-thumbnail","hentry","category-noticias","tag-blog-edvaldo-magalhaes","tag-noticias","tag-portal-edvaldo-magalhaes","tag-ruas-serao-interditadas-em-caruaru-para-5a-corrida-barreto-de-menezes"],"_links":{"self":[{"href":"https:\/\/blogdoedvaldomagalhaes.com.br\/index.php\/wp-json\/wp\/v2\/posts\/124057","targetHints":{"allow":["GET"]}}],"collection":[{"href":"https:\/\/blogdoedvaldomagalhaes.com.br\/index.php\/wp-json\/wp\/v2\/posts"}],"about":[{"href":"https:\/\/blogdoedvaldomagalhaes.com.br\/index.php\/wp-json\/wp\/v2\/types\/post"}],"author":[{"embeddable":true,"href":"https:\/\/blogdoedvaldomagalhaes.com.br\/index.php\/wp-json\/wp\/v2\/users\/1"}],"replies":[{"embeddable":true,"href":"https:\/\/blogdoedvaldomagalhaes.com.br\/index.php\/wp-json\/wp\/v2\/comments?post=124057"}],"version-history":[{"count":1,"href":"https:\/\/blogdoedvaldomagalhaes.com.br\/index.php\/wp-json\/wp\/v2\/posts\/124057\/revisions"}],"predecessor-version":[{"id":124059,"href":"https:\/\/blogdoedvaldomagalhaes.com.br\/index.php\/wp-json\/wp\/v2\/posts\/124057\/revisions\/124059"}],"wp:featuredmedia":[{"embeddable":true,"href":"https:\/\/blogdoedvaldomagalhaes.com.br\/index.php\/wp-json\/wp\/v2\/media\/124058"}],"wp:attachment":[{"href":"https:\/\/blogdoedvaldomagalhaes.com.br\/index.php\/wp-json\/wp\/v2\/media?parent=124057"}],"wp:term":[{"taxonomy":"category","embeddable":true,"href":"https:\/\/blogdoedvaldomagalhaes.com.br\/index.php\/wp-json\/wp\/v2\/categories?post=124057"},{"taxonomy":"post_tag","embeddable":true,"href":"https:\/\/blogdoedvaldomagalhaes.com.br\/index.php\/wp-json\/wp\/v2\/tags?post=124057"}],"curies":[{"name":"wp","href":"https:\/\/api.w.org\/{rel}","templated":true}]}}