{"id":124054,"date":"2025-10-24T19:32:56","date_gmt":"2025-10-24T22:32:56","guid":{"rendered":"https:\/\/blogdoedvaldomagalhaes.com.br\/?p=124054"},"modified":"2025-10-24T19:32:56","modified_gmt":"2025-10-24T22:32:56","slug":"joao-suassuna-leva-a-heranca-cultural-de-ariano-suassuna-para-alunos-em-petrolina","status":"publish","type":"post","link":"https:\/\/blogdoedvaldomagalhaes.com.br\/index.php\/2025\/10\/24\/joao-suassuna-leva-a-heranca-cultural-de-ariano-suassuna-para-alunos-em-petrolina\/","title":{"rendered":"Jo\u00e3o Suassuna leva a heran\u00e7a cultural de Ariano Suassuna para alunos, em Petrolina"},"content":{"rendered":"<p><span style=\"font-size: revert;\">Nesta ter\u00e7a-feira (28), o Col\u00e9gio GGE Petrolina vai receber uma visita pra l\u00e1 de especial: Jo\u00e3o Suassuna, curador cultural do GGE e neto do mestre Ariano Suassuna, vai conversar com os alunos da Educa\u00e7\u00e3o Infantil sobre a vida e a obra do av\u00f4 \u2014 um dos maiores nomes da literatura e da cultura brasileira.<\/span><\/p>\n<p>De forma l\u00fadica, divertida e acess\u00edvel, Jo\u00e3o vai conduzir os pequenos por um mergulho encantador no universo de Ariano, apresentando a riqueza do imagin\u00e1rio nordestino, o valor da arte popular e o orgulho das nossas ra\u00edzes.<\/p>\n<p>O encontro faz parte do movimento Cultura Transforma, lan\u00e7ado pelo GGE no in\u00edcio deste ano, que tem como prop\u00f3sito levar a arte popular para dentro da sala de aula, enriquecendo o curr\u00edculo dos alunos e reafirmando o compromisso da institui\u00e7\u00e3o com a preserva\u00e7\u00e3o das tradi\u00e7\u00f5es nordestinas.<\/p>\n<p>Mais do que uma atividade pedag\u00f3gica, a iniciativa \u00e9 um convite \u00e0 valoriza\u00e7\u00e3o da identidade cultural, um gesto essencial em tempos em que a globaliza\u00e7\u00e3o tende a apagar fronteiras e costumes. A a\u00e7\u00e3o busca despertar, desde cedo, o sentimento de pertencimento e a consci\u00eancia de que manter viva a cultura nordestina \u00e9 preservar nossa pr\u00f3pria hist\u00f3ria.<br \/>\n\u201cQuando as crian\u00e7as aprendem a enxergar beleza na cultura de onde vieram, elas crescem com mais orgulho e consci\u00eancia do seu papel no mundo. Essa \u00e9 a verdadeira fun\u00e7\u00e3o da educa\u00e7\u00e3o\u201d, destaca Jos\u00e9 Folhadela, s\u00f3cio do GGE e um dos idealizadores do Movimento Cultura Tansforma.<\/p>\n<p>O GGE entende que a cultura \u00e9 um pilar transformador, capaz de inspirar novas gera\u00e7\u00f5es a compreenderem o valor das tradi\u00e7\u00f5es e a import\u00e2ncia de manter vivo o legado de grandes mestres como Ariano Suassuna \u2014 um s\u00edmbolo da genialidade nordestina.<br \/>\nTexto: Moema Duarte<br \/>\nSiga o Instagram @portaledvaldomagalhaes<br \/>\nFoto: Divulga\u00e7\u00e3o<\/p>\n","protected":false},"excerpt":{"rendered":"<p>Nesta ter\u00e7a-feira (28), o Col\u00e9gio GGE Petrolina vai receber uma visita pra l\u00e1 de especial: Jo\u00e3o Suassuna, curador cultural do&hellip;<\/p>\n","protected":false},"author":1,"featured_media":124055,"comment_status":"closed","ping_status":"open","sticky":false,"template":"","format":"standard","meta":{"footnotes":""},"categories":[14120],"tags":[13146,34301,34634],"class_list":["post-124054","post","type-post","status-publish","format-standard","has-post-thumbnail","hentry","category-noticias","tag-blog-edvaldo-magalhaes","tag-colegio-gge","tag-portal-edvaldo-magalhaes"],"_links":{"self":[{"href":"https:\/\/blogdoedvaldomagalhaes.com.br\/index.php\/wp-json\/wp\/v2\/posts\/124054","targetHints":{"allow":["GET"]}}],"collection":[{"href":"https:\/\/blogdoedvaldomagalhaes.com.br\/index.php\/wp-json\/wp\/v2\/posts"}],"about":[{"href":"https:\/\/blogdoedvaldomagalhaes.com.br\/index.php\/wp-json\/wp\/v2\/types\/post"}],"author":[{"embeddable":true,"href":"https:\/\/blogdoedvaldomagalhaes.com.br\/index.php\/wp-json\/wp\/v2\/users\/1"}],"replies":[{"embeddable":true,"href":"https:\/\/blogdoedvaldomagalhaes.com.br\/index.php\/wp-json\/wp\/v2\/comments?post=124054"}],"version-history":[{"count":1,"href":"https:\/\/blogdoedvaldomagalhaes.com.br\/index.php\/wp-json\/wp\/v2\/posts\/124054\/revisions"}],"predecessor-version":[{"id":124056,"href":"https:\/\/blogdoedvaldomagalhaes.com.br\/index.php\/wp-json\/wp\/v2\/posts\/124054\/revisions\/124056"}],"wp:featuredmedia":[{"embeddable":true,"href":"https:\/\/blogdoedvaldomagalhaes.com.br\/index.php\/wp-json\/wp\/v2\/media\/124055"}],"wp:attachment":[{"href":"https:\/\/blogdoedvaldomagalhaes.com.br\/index.php\/wp-json\/wp\/v2\/media?parent=124054"}],"wp:term":[{"taxonomy":"category","embeddable":true,"href":"https:\/\/blogdoedvaldomagalhaes.com.br\/index.php\/wp-json\/wp\/v2\/categories?post=124054"},{"taxonomy":"post_tag","embeddable":true,"href":"https:\/\/blogdoedvaldomagalhaes.com.br\/index.php\/wp-json\/wp\/v2\/tags?post=124054"}],"curies":[{"name":"wp","href":"https:\/\/api.w.org\/{rel}","templated":true}]}}