{"id":124016,"date":"2025-10-23T18:35:55","date_gmt":"2025-10-23T21:35:55","guid":{"rendered":"https:\/\/blogdoedvaldomagalhaes.com.br\/?p=124016"},"modified":"2025-10-24T19:14:21","modified_gmt":"2025-10-24T22:14:21","slug":"pernambuco-esta-pronto-para-receber-os-investimentos-dinamarqueses-reforca-governadora-raquel-lyra-durante-missao-na-dinamarca","status":"publish","type":"post","link":"https:\/\/blogdoedvaldomagalhaes.com.br\/index.php\/2025\/10\/23\/pernambuco-esta-pronto-para-receber-os-investimentos-dinamarqueses-reforca-governadora-raquel-lyra-durante-missao-na-dinamarca\/","title":{"rendered":"\u201cPernambuco est\u00e1 pronto para receber os investimentos dinamarqueses\u201d, refor\u00e7a governadora Raquel Lyra durante miss\u00e3o na Dinamarca"},"content":{"rendered":"<p><span style=\"font-size: revert;\">A governadora Raquel Lyra iniciou, nesta quinta-feira (23), sua agenda na Dinamarca com uma s\u00e9rie de encontros voltados \u00e0 expans\u00e3o de investimentos em Pernambuco. Em Copenhague, a gestora se reuniu na _Dansk Industri_, a casa da ind\u00fastria dinamarquesa, com representantes de empresas dinamarquesas e aproveitou para apresentar o potencial de Pernambuco como destino estrat\u00e9gico para novos neg\u00f3cios.<\/span><\/p>\n<p>A chefe do Executivo Estadual apresentou o ambiente econ\u00f4mico de Pernambuco a executivos de empresas como a Topsoe (transi\u00e7\u00e3o energ\u00e9tica), Novo Nordisk (farmac\u00eautica) e Copenhagen Infrastructure Partners (gestora de fundos de investimento em infraestrutura de energia renov\u00e1vel), que manifestaram interesse em aprofundar estudos sobre oportunidades no estado.<\/p>\n<p>\u201cPernambuco est\u00e1 pronto para receber os investimentos dinamarqueses. Os avan\u00e7os econ\u00f4micos que tivemos nos \u00faltimos anos reafirmam nosso compromisso com a expans\u00e3o de investimentos e o fortalecimento da nossa infraestrutura. Nosso estado \u00e9 um destino estrat\u00e9gico, com oportunidades concretas e pol\u00edticas que estimulam o desenvolvimento econ\u00f4mico de forma sustent\u00e1vel e integrada\u201d, ressaltou a gestora.<\/p>\n<p>No final do dia, a gestora tamb\u00e9m se reuniu com o CEO da European Energy, Knud Erik Andersen, e diretoria da empresa para discutir os andamentos dos projetos para Pernambuco. A empresa tem um acordo assinado com o Estado para a instala\u00e7\u00e3o da primeira ind\u00fastria de produ\u00e7\u00e3o de e-metanol do Brasil, no Complexo de Suape. O investimento previsto \u00e9 de R$ 2 bilh\u00f5es, al\u00e9m da gera\u00e7\u00e3o de 250 empregos diretos e 15 mil indiretos.<\/p>\n<p>\u201cMostramos nossos diferenciais, apresentamos o Porto do Suape e as evolu\u00e7\u00f5es que temos feito no investimento em infraestrutura e na forma como melhoramos o ambiente regulat\u00f3rio e de proximidade com o setor privado para que a gente construa um Pernambuco melhor\u201d, concluiu o secret\u00e1rio de Desenvolvimento Econ\u00f4mico de Pernambuco, Guilherme Cavalcanti.<\/p>\n<p>*REUNI\u00d5ES* &#8211; Ainda na capital dinamarquesa, em agendas de prospec\u00e7\u00e3o setorial, a governadora Raquel Lyra participou de reuni\u00e3o com o Fundo de Investimentos da Dinamarca, que j\u00e1 possui aportes em Pernambuco, e sinalizou disposi\u00e7\u00e3o de ampliar investimentos de impacto nas \u00e1reas de energia, seguran\u00e7a alimentar e sa\u00fade.<\/p>\n<p>Acompanharam a governadora os secret\u00e1rios estaduais Jo\u00e3o Salles (Assessoria Especial \u00e0 Governadora e Rela\u00e7\u00f5es Internacionais), e Andr\u00e9 Teixeira Filho (Mobilidade e Infraestrutura); al\u00e9m do presidente do Complexo Industrial Portu\u00e1rio de Suape, Armando Monteiro Bisneto, do presidente do Sinda\u00e7\u00facar-PE, Renato Cunha, do Embaixador do Brasil na Dinamarca, Leonardo Nogueira, e das secret\u00e1rias executivas Rayane Aguiar (Rela\u00e7\u00f5es Internacionais) e Daniella Brito (Imprensa).<br \/>\n<span style=\"font-size: revert;\">Seja seguidor do Instagram @portaledvaldomagalhaes.<br \/>\n<\/span><span style=\"font-size: revert;\">Fotos: Divulga\u00e7\u00e3o<\/span><\/p>\n","protected":false},"excerpt":{"rendered":"<p>A governadora Raquel Lyra iniciou, nesta quinta-feira (23), sua agenda na Dinamarca com uma s\u00e9rie de encontros voltados \u00e0 expans\u00e3o&hellip;<\/p>\n","protected":false},"author":1,"featured_media":124048,"comment_status":"closed","ping_status":"open","sticky":false,"template":"","format":"standard","meta":{"footnotes":""},"categories":[14120],"tags":[13146,34634],"class_list":["post-124016","post","type-post","status-publish","format-standard","has-post-thumbnail","hentry","category-noticias","tag-blog-edvaldo-magalhaes","tag-portal-edvaldo-magalhaes"],"_links":{"self":[{"href":"https:\/\/blogdoedvaldomagalhaes.com.br\/index.php\/wp-json\/wp\/v2\/posts\/124016","targetHints":{"allow":["GET"]}}],"collection":[{"href":"https:\/\/blogdoedvaldomagalhaes.com.br\/index.php\/wp-json\/wp\/v2\/posts"}],"about":[{"href":"https:\/\/blogdoedvaldomagalhaes.com.br\/index.php\/wp-json\/wp\/v2\/types\/post"}],"author":[{"embeddable":true,"href":"https:\/\/blogdoedvaldomagalhaes.com.br\/index.php\/wp-json\/wp\/v2\/users\/1"}],"replies":[{"embeddable":true,"href":"https:\/\/blogdoedvaldomagalhaes.com.br\/index.php\/wp-json\/wp\/v2\/comments?post=124016"}],"version-history":[{"count":1,"href":"https:\/\/blogdoedvaldomagalhaes.com.br\/index.php\/wp-json\/wp\/v2\/posts\/124016\/revisions"}],"predecessor-version":[{"id":124017,"href":"https:\/\/blogdoedvaldomagalhaes.com.br\/index.php\/wp-json\/wp\/v2\/posts\/124016\/revisions\/124017"}],"wp:featuredmedia":[{"embeddable":true,"href":"https:\/\/blogdoedvaldomagalhaes.com.br\/index.php\/wp-json\/wp\/v2\/media\/124048"}],"wp:attachment":[{"href":"https:\/\/blogdoedvaldomagalhaes.com.br\/index.php\/wp-json\/wp\/v2\/media?parent=124016"}],"wp:term":[{"taxonomy":"category","embeddable":true,"href":"https:\/\/blogdoedvaldomagalhaes.com.br\/index.php\/wp-json\/wp\/v2\/categories?post=124016"},{"taxonomy":"post_tag","embeddable":true,"href":"https:\/\/blogdoedvaldomagalhaes.com.br\/index.php\/wp-json\/wp\/v2\/tags?post=124016"}],"curies":[{"name":"wp","href":"https:\/\/api.w.org\/{rel}","templated":true}]}}