{"id":124012,"date":"2025-10-23T18:26:13","date_gmt":"2025-10-23T21:26:13","guid":{"rendered":"https:\/\/blogdoedvaldomagalhaes.com.br\/?p=124012"},"modified":"2025-10-23T18:29:12","modified_gmt":"2025-10-23T21:29:12","slug":"fundador-da-obra-de-maria-leva-comitiva-pernambucana-a-primeira-audiencia-privada-com-o-papa-leao-xiv","status":"publish","type":"post","link":"https:\/\/blogdoedvaldomagalhaes.com.br\/index.php\/2025\/10\/23\/fundador-da-obra-de-maria-leva-comitiva-pernambucana-a-primeira-audiencia-privada-com-o-papa-leao-xiv\/","title":{"rendered":"Fundador da Obra de Maria leva comitiva pernambucana \u00e0 primeira audi\u00eancia privada com o Papa Le\u00e3o XIV"},"content":{"rendered":"<p class=\"s6\"><span class=\"s5\">Encontro refor\u00e7a a presen\u00e7a mission\u00e1ria da Comunidade Cat\u00f3lica Obra de Maria no mundo e celebra a atua\u00e7\u00e3o evangelizadora junto ao Santo Padre<\/span><\/p>\n<p class=\"s4\">\n<p class=\"s4\">Quando a f\u00e9 atravessa oceanos, ela carrega consigo n\u00e3o apenas sonhos, hist\u00f3rias e devo\u00e7\u00e3o, mas tamb\u00e9m prop\u00f3sitos. Nesta quarta-feira, Gilberto Gomes Barbosa, fundador da Comunidade Cat\u00f3lica Obra de Maria, conduziu uma comitiva pernambucana ao Vaticano para viver um momento hist\u00f3rico: a primeira audi\u00eancia privada com o Papa Le\u00e3o XIV, que assumiu o pontificado em maio deste ano ap\u00f3s a morte do Papa Francisco.<\/p>\n<p class=\"s4\">\n<p class=\"s4\">A comitiva incluiu autoridades do estado de Pernambuco, como o desembargador Marcelo Russell Wanderley e sua esposa, a desembargadora Val\u00e9ria Bezerra Pereira Wanderley, que celebraram 40 anos de casamento recebendo uma b\u00ean\u00e7\u00e3o especial do Papa Le\u00e3o XIV. Em um gesto de ternura e aten\u00e7\u00e3o, o Santo Padre saudou cada um dos presentes individualmente, demonstrando o carinho e a proximidade que caracterizam seu pontificado. A cofundadora da comunidade, Maria Salom\u00e9, tamb\u00e9m participou da audi\u00eancia, acompanhada de membros da Fraternit\u00e9 Monseigneur Courtney, muitos dos quais integram a Obra de Maria.<\/p>\n<p class=\"s4\">\n<p class=\"s4\">Convite<\/p>\n<p class=\"s4\">\n<p class=\"s4\">O encontro foi um convite do N\u00fancio Apost\u00f3lico de Burundi, Dom Dieudonn\u00e9 Datonou, que serviu por oito anos como assessor direto do Papa Francisco. Natural do Benim, Dom Dieudonn\u00e9 \u00e9 um grande admirador da Obra de Maria e j\u00e1 participou das celebra\u00e7\u00f5es de anivers\u00e1rio na sede da institui\u00e7\u00e3o, em S\u00e3o Louren\u00e7o da Mata, onde permaneceu por 15 dias.<\/p>\n<p class=\"s4\">\u201cEm suas palavras e gestos, Dom Dieudonn\u00e9 tem expressado profunda admira\u00e7\u00e3o pelo trabalho da Obra de Maria, especialmente pelas a\u00e7\u00f5es desenvolvidas no continente africano\u201d, explica Gilberto. Atualmente, a Obra est\u00e1 presente em 63 pa\u00edses, sendo mais da metade deles na \u00c1frica, um crescimento que tem inspirado cardeais e bispos, que enxergam o trabalho mission\u00e1rio da comunidade como uma fonte de esperan\u00e7a para a transforma\u00e7\u00e3o social e espiritual.<\/p>\n<p class=\"s4\">\n<p class=\"s4\">Esperan\u00e7a<\/p>\n<p class=\"s4\">\n<p class=\"s4\">Em boletim divulgado pela Santa S\u00e9 sobre o encontro, o Papa Le\u00e3o XIV expressou apoio e esperan\u00e7a na miss\u00e3o da comunidade. \u201c\u2018Spes non confundit!\u2019 \u2013 em latim, \u2018A esperan\u00e7a n\u00e3o decepciona!\u2019 (Rm 5,5). Foi assim que o Papa Francisco nos apresentou o Jubileu. Nossa esperan\u00e7a \u00e9 Jesus Cristo! Ele, e somente Ele, \u00e9 a esperan\u00e7a da Igreja e do mundo inteiro! Todos sabemos que hoje o mundo precisa dessa esperan\u00e7a; por isso, caminhamos como peregrinos para encontr\u00e1-lo e recoloc\u00e1-lo no centro de nossas vidas e da vida do mundo.\u201d<\/p>\n<p class=\"s4\">\n<p class=\"s4\">O Santo Padre tamb\u00e9m manifestou sua profunda gratid\u00e3o aos presentes, reconhecendo o trabalho em favor dos mais vulner\u00e1veis. \u201cGostaria de agradecer a cada um de voc\u00eas pela prontid\u00e3o e pelo compromisso em ajudar pessoas vulner\u00e1veis. Mantenham a esperan\u00e7a em um mundo melhor; estejam certos de que, unidos a Cristo, seus esfor\u00e7os dar\u00e3o frutos e obter\u00e3o sua recompensa. Confio voc\u00eas e seu amado pa\u00eds, Burundi, \u00e0 prote\u00e7\u00e3o de Nossa Senhora do Ros\u00e1rio, e concedo de cora\u00e7\u00e3o minha B\u00ean\u00e7\u00e3o Apost\u00f3lica a voc\u00eas, suas fam\u00edlias e seus benfeitores, que trabalham pela promo\u00e7\u00e3o integral do povo burund\u00eas.\u201d<\/p>\n<p class=\"s4\">\n<p class=\"s4\">F\u00e9 e chamado<\/p>\n<p class=\"s4\">\n<p class=\"s4\">Para Gilberto Barbosa, o momento \u00e9 de renova\u00e7\u00e3o da f\u00e9. \u201cEstar diante do Santo Padre \u00e9 sentir o pulsar da Igreja viva. \u00c9 renovar nossa entrega e compreender que a miss\u00e3o da Obra de Maria ultrapassa fronteiras. Servir \u00e9 o nosso chamado, e ver o reconhecimento do Papa e de tantos irm\u00e3os na f\u00e9 \u00e9 a certeza de que esse caminho \u00e9 guiado pelo amor\u201d, afirmou.<\/p>\n<p class=\"s4\">Ap\u00f3s a audi\u00eancia privada, o grupo participou da audi\u00eancia p\u00fablica na Pra\u00e7a de S\u00e3o Pedro. No pr\u00f3ximo domingo, os integrantes da comitiva se juntar\u00e3o ao Santo Padre na celebra\u00e7\u00e3o de uma missa especial, durante a qual ocorrer\u00e1 uma ordena\u00e7\u00e3o sacerdotal presidida pelo Papa.<\/p>\n<p class=\"s4\">\n<p class=\"s4\">Evangeliza\u00e7\u00e3o na \u00c1frica<\/p>\n<p class=\"s4\">\n<p class=\"s4\">Com um modo de evangelizar marcado pela simplicidade, respeito e dedica\u00e7\u00e3o, a Obra de Maria tem conquistado o cora\u00e7\u00e3o da Igreja africana. Recentemente, a institui\u00e7\u00e3o levou o Frei Gilson a Angola e Mo\u00e7ambique, reunindo um p\u00fablico estimado em mais de 30 mil pessoas.<\/p>\n<p class=\"s4\">Al\u00e9m disso, grandes nomes da Igreja Cat\u00f3lica no Brasil t\u00eam se unido \u00e0 miss\u00e3o, fortalecendo la\u00e7os de solidariedade entre continentes. Os padres F\u00e1bio de Melo e Reginaldo Manzotti j\u00e1 participaram de a\u00e7\u00f5es mission\u00e1rias na \u00c1frica, e Gilberto destaca a expectativa de que o Padre Marcelo Rossi se junte a futuras iniciativas.<\/p>\n<p class=\"s4\">\n<p class=\"s4\">Sobre a Obra de Maria<\/p>\n<p class=\"s4\">\n<p class=\"s4\">Fundada h\u00e1 35 anos por Gilberto Barbosa e Maria Salom\u00e9, a Comunidade Cat\u00f3lica Obra de Maria \u00e9 fruto de um chamado \u00e0 evangeliza\u00e7\u00e3o na Renova\u00e7\u00e3o Carism\u00e1tica Cat\u00f3lica. Com sede em S\u00e3o Louren\u00e7o da Mata, Pernambuco, a comunidade est\u00e1 presente em 63 pa\u00edses, mantendo viva a miss\u00e3o de anunciar o Evangelho por meio de diversas frentes de atua\u00e7\u00e3o.<\/p>\n<p class=\"s4\">\n<p class=\"s4\">A Obra de Maria atua em miss\u00f5es de evangeliza\u00e7\u00e3o, projetos sociais voltados para popula\u00e7\u00f5es vulner\u00e1veis, forma\u00e7\u00e3o crist\u00e3 e acompanhamento espiritual. Uma de suas frentes mais conhecidas s\u00e3o as peregrina\u00e7\u00f5es espirituais, que j\u00e1 levaram milhares de fi\u00e9is a destinos religiosos como Terra Santa, F\u00e1tima e Lourdes. Ao longo de sua trajet\u00f3ria, Gilberto Barbosa foi presidente da Fraternidade Internacional das Novas Comunidades de Vida e Alian\u00e7a de Direito Pont\u00edfico (Frater) por dois mandatos, no Vaticano, refor\u00e7ando a presen\u00e7a da Obra de Maria junto \u00e0 Igreja e sua miss\u00e3o internacional.<\/p>\n","protected":false},"excerpt":{"rendered":"<p>Encontro refor\u00e7a a presen\u00e7a mission\u00e1ria da Comunidade Cat\u00f3lica Obra de Maria no mundo e celebra a atua\u00e7\u00e3o evangelizadora junto ao&hellip;<\/p>\n","protected":false},"author":1,"featured_media":124015,"comment_status":"closed","ping_status":"open","sticky":false,"template":"","format":"standard","meta":{"footnotes":""},"categories":[14120],"tags":[13146,6,34634],"class_list":["post-124012","post","type-post","status-publish","format-standard","has-post-thumbnail","hentry","category-noticias","tag-blog-edvaldo-magalhaes","tag-noticias","tag-portal-edvaldo-magalhaes"],"_links":{"self":[{"href":"https:\/\/blogdoedvaldomagalhaes.com.br\/index.php\/wp-json\/wp\/v2\/posts\/124012","targetHints":{"allow":["GET"]}}],"collection":[{"href":"https:\/\/blogdoedvaldomagalhaes.com.br\/index.php\/wp-json\/wp\/v2\/posts"}],"about":[{"href":"https:\/\/blogdoedvaldomagalhaes.com.br\/index.php\/wp-json\/wp\/v2\/types\/post"}],"author":[{"embeddable":true,"href":"https:\/\/blogdoedvaldomagalhaes.com.br\/index.php\/wp-json\/wp\/v2\/users\/1"}],"replies":[{"embeddable":true,"href":"https:\/\/blogdoedvaldomagalhaes.com.br\/index.php\/wp-json\/wp\/v2\/comments?post=124012"}],"version-history":[{"count":2,"href":"https:\/\/blogdoedvaldomagalhaes.com.br\/index.php\/wp-json\/wp\/v2\/posts\/124012\/revisions"}],"predecessor-version":[{"id":124014,"href":"https:\/\/blogdoedvaldomagalhaes.com.br\/index.php\/wp-json\/wp\/v2\/posts\/124012\/revisions\/124014"}],"wp:featuredmedia":[{"embeddable":true,"href":"https:\/\/blogdoedvaldomagalhaes.com.br\/index.php\/wp-json\/wp\/v2\/media\/124015"}],"wp:attachment":[{"href":"https:\/\/blogdoedvaldomagalhaes.com.br\/index.php\/wp-json\/wp\/v2\/media?parent=124012"}],"wp:term":[{"taxonomy":"category","embeddable":true,"href":"https:\/\/blogdoedvaldomagalhaes.com.br\/index.php\/wp-json\/wp\/v2\/categories?post=124012"},{"taxonomy":"post_tag","embeddable":true,"href":"https:\/\/blogdoedvaldomagalhaes.com.br\/index.php\/wp-json\/wp\/v2\/tags?post=124012"}],"curies":[{"name":"wp","href":"https:\/\/api.w.org\/{rel}","templated":true}]}}