{"id":124008,"date":"2025-10-23T18:22:07","date_gmt":"2025-10-23T21:22:07","guid":{"rendered":"https:\/\/blogdoedvaldomagalhaes.com.br\/?p=124008"},"modified":"2025-10-23T18:22:07","modified_gmt":"2025-10-23T21:22:07","slug":"prefeito-rodrigo-pinheiro-sanciona-lei-do-programa-cnh-na-mao","status":"publish","type":"post","link":"https:\/\/blogdoedvaldomagalhaes.com.br\/index.php\/2025\/10\/23\/prefeito-rodrigo-pinheiro-sanciona-lei-do-programa-cnh-na-mao\/","title":{"rendered":"Prefeito Rodrigo Pinheiro sanciona lei do programa &#8220;CNH na M\u00e3o&#8221;"},"content":{"rendered":"<p>O prefeito de Caruaru, Rodrigo Pinheiro, sancionou a Lei n\u00ba 7.410 (de 22 de outubro de 2025), aprovada pela C\u00e2mara de Vereadores, que institui o programa &#8220;CNH na M\u00e3o&#8221;. Caruaru torna-se pioneira no Brasil com este projeto voltado para pessoas de baixa renda, que ir\u00e1 proporcionar o custeio da primeira habilita\u00e7\u00e3o por meio dos recursos oriundos das infra\u00e7\u00f5es de tr\u00e2nsito. <\/p>\n<p>Com o objetivo do pagamento da primeira habilita\u00e7\u00e3o para pessoas de baixa renda a partir dos 18 anos, que residam em Caruaru h\u00e1, no m\u00ednimo dois anos, e inseridas no Cadastro \u00danico para Programas Sociais do Governo Federal (Cad\u00danico), o &#8220;CNH na M\u00e3o&#8221; ser\u00e1 uma oportunidade de acesso para um documento importante visando equidade social e promovendo o desenvolvimento econ\u00f4mico no munic\u00edpio.<\/p>\n<p>&#8220;O programa CNH na M\u00e3o \u00e9 mais um projeto visando dar oportunidades \u00e0 popula\u00e7\u00e3o de baixa renda. A CNH representa a conquista de um documento, e al\u00e9m disso, amplia as possibilidades de emprego e gera\u00e7\u00e3o de renda para as pessoas. \u00c9 um compromisso nosso promover pol\u00edticas p\u00fablicas para os caruaruenses&#8221;, comemorou o prefeito Rodrigo Pinheiro.<\/p>\n<p>&#8220;O &#8216;CNH na M\u00e3o&#8217; \u00e9 mais uma demonstra\u00e7\u00e3o do compromisso da gest\u00e3o Rodrigo Pinheiro com os caruaruenses. \u00c9 uma oportunidade para o cidad\u00e3o de baixa renda conquistar um documento t\u00e3o importante que \u00e9 a carteira de habilita\u00e7\u00e3o. Caruaru segue sendo refer\u00eancia social em Pernambuco&#8221;, registrou com entusiasmo o presidente da AMC, Coronel Edson N\u00f3brega.<\/p>\n<p>Em breve, ser\u00e1 publicado um decreto que estabelecer\u00e1 as diretrizes para os interessados (popula\u00e7\u00e3o e autoescolas) para o prosseguimento no programa &#8220;CNH na M\u00e3o&#8221;.<br \/>\nSiga o Instagram @portaledvaldomagalhaes<br \/>\nFoto: Divulga\u00e7\u00e3o\/Secom PMC<\/p>\n","protected":false},"excerpt":{"rendered":"<p>O prefeito de Caruaru, Rodrigo Pinheiro, sancionou a Lei n\u00ba 7.410 (de 22 de outubro de 2025), aprovada pela C\u00e2mara&hellip;<\/p>\n","protected":false},"author":1,"featured_media":124009,"comment_status":"closed","ping_status":"open","sticky":false,"template":"","format":"standard","meta":{"footnotes":""},"categories":[14120],"tags":[13146,20,34634,35064],"class_list":["post-124008","post","type-post","status-publish","format-standard","has-post-thumbnail","hentry","category-noticias","tag-blog-edvaldo-magalhaes","tag-politica","tag-portal-edvaldo-magalhaes","tag-prefeito-rodrigo-pinheiro-sanciona-lei-do-programa-cnh-na-mao"],"_links":{"self":[{"href":"https:\/\/blogdoedvaldomagalhaes.com.br\/index.php\/wp-json\/wp\/v2\/posts\/124008","targetHints":{"allow":["GET"]}}],"collection":[{"href":"https:\/\/blogdoedvaldomagalhaes.com.br\/index.php\/wp-json\/wp\/v2\/posts"}],"about":[{"href":"https:\/\/blogdoedvaldomagalhaes.com.br\/index.php\/wp-json\/wp\/v2\/types\/post"}],"author":[{"embeddable":true,"href":"https:\/\/blogdoedvaldomagalhaes.com.br\/index.php\/wp-json\/wp\/v2\/users\/1"}],"replies":[{"embeddable":true,"href":"https:\/\/blogdoedvaldomagalhaes.com.br\/index.php\/wp-json\/wp\/v2\/comments?post=124008"}],"version-history":[{"count":1,"href":"https:\/\/blogdoedvaldomagalhaes.com.br\/index.php\/wp-json\/wp\/v2\/posts\/124008\/revisions"}],"predecessor-version":[{"id":124010,"href":"https:\/\/blogdoedvaldomagalhaes.com.br\/index.php\/wp-json\/wp\/v2\/posts\/124008\/revisions\/124010"}],"wp:featuredmedia":[{"embeddable":true,"href":"https:\/\/blogdoedvaldomagalhaes.com.br\/index.php\/wp-json\/wp\/v2\/media\/124009"}],"wp:attachment":[{"href":"https:\/\/blogdoedvaldomagalhaes.com.br\/index.php\/wp-json\/wp\/v2\/media?parent=124008"}],"wp:term":[{"taxonomy":"category","embeddable":true,"href":"https:\/\/blogdoedvaldomagalhaes.com.br\/index.php\/wp-json\/wp\/v2\/categories?post=124008"},{"taxonomy":"post_tag","embeddable":true,"href":"https:\/\/blogdoedvaldomagalhaes.com.br\/index.php\/wp-json\/wp\/v2\/tags?post=124008"}],"curies":[{"name":"wp","href":"https:\/\/api.w.org\/{rel}","templated":true}]}}