{"id":124005,"date":"2025-10-23T18:16:15","date_gmt":"2025-10-23T21:16:15","guid":{"rendered":"https:\/\/blogdoedvaldomagalhaes.com.br\/?p=124005"},"modified":"2025-10-23T18:16:15","modified_gmt":"2025-10-23T21:16:15","slug":"prefeitura-de-caruaru-promove-aulao-gratuito-de-defesa-pessoal-para-mulheres","status":"publish","type":"post","link":"https:\/\/blogdoedvaldomagalhaes.com.br\/index.php\/2025\/10\/23\/prefeitura-de-caruaru-promove-aulao-gratuito-de-defesa-pessoal-para-mulheres\/","title":{"rendered":"Prefeitura de Caruaru promove aul\u00e3o gratuito de defesa pessoal para mulheres"},"content":{"rendered":"<p>A Via Parque ser\u00e1 cen\u00e1rio de uma a\u00e7\u00e3o especial neste s\u00e1bado (25). A partir das 15h, o espa\u00e7o receber\u00e1 um aul\u00e3o gratuito de defesa pessoal para mulheres, promovido pela Prefeitura de Caruaru, por meio da Secretaria da Mulher. A atividade integra o calend\u00e1rio do Outubro Rosa e visa incentivar o autocuidado, a seguran\u00e7a e a independ\u00eancia feminina, atrav\u00e9s do fortalecimento emocional e f\u00edsico.<\/p>\n<p>O evento, que acontecer\u00e1 nas proximidades do letreiro de Caruaru, ser\u00e1 conduzido por instrutores especializados e contar\u00e1 com a parceria da Federa\u00e7\u00e3o de Karat\u00ea Educacional de Pernambuco (FKEP), da Associa\u00e7\u00e3o de Karat\u00ea Askanindpe, da Liga de Defesa Pessoal Feminina e da Associa\u00e7\u00e3o de Karat\u00ea ASKADP.<\/p>\n<p>\u201dEsta a\u00e7\u00e3o visa, al\u00e9m da conscientiza\u00e7\u00e3o relativa \u00e0 sa\u00fade da mulher, ao Outubro Rosa e ao autocuidado, tamb\u00e9m atender ao Plano Municipal de Enfrentamento \u00e0 Viol\u00eancia contra a Mulher, para que as mulheres de Caruaru tenham sempre a oportunidade de conhecer os servi\u00e7os da Secretaria, fortalecendo nossa rede de enfrentamento \u00e0 viol\u00eancia contra a mulher e os servi\u00e7os de prote\u00e7\u00e3o e acolhimento \u00e0 mulher da Prefeitura Municipal de Caruaru\u201d, comemorou a secret\u00e1ria da Mulher, Luana Marabuco. Foto: Divulga\u00e7\u00e3o<br \/>\nSiga o Instagram @portaledvaldomagalhaes<\/p>\n","protected":false},"excerpt":{"rendered":"<p>A Via Parque ser\u00e1 cen\u00e1rio de uma a\u00e7\u00e3o especial neste s\u00e1bado (25). A partir das 15h, o espa\u00e7o receber\u00e1 um&hellip;<\/p>\n","protected":false},"author":1,"featured_media":124006,"comment_status":"closed","ping_status":"open","sticky":false,"template":"","format":"standard","meta":{"footnotes":""},"categories":[14120],"tags":[13146,6,34634,35063],"class_list":["post-124005","post","type-post","status-publish","format-standard","has-post-thumbnail","hentry","category-noticias","tag-blog-edvaldo-magalhaes","tag-noticias","tag-portal-edvaldo-magalhaes","tag-prefeitura-de-caruaru-promove-aulao-gratuito-de-defesa-pessoal-para-mulheres"],"_links":{"self":[{"href":"https:\/\/blogdoedvaldomagalhaes.com.br\/index.php\/wp-json\/wp\/v2\/posts\/124005","targetHints":{"allow":["GET"]}}],"collection":[{"href":"https:\/\/blogdoedvaldomagalhaes.com.br\/index.php\/wp-json\/wp\/v2\/posts"}],"about":[{"href":"https:\/\/blogdoedvaldomagalhaes.com.br\/index.php\/wp-json\/wp\/v2\/types\/post"}],"author":[{"embeddable":true,"href":"https:\/\/blogdoedvaldomagalhaes.com.br\/index.php\/wp-json\/wp\/v2\/users\/1"}],"replies":[{"embeddable":true,"href":"https:\/\/blogdoedvaldomagalhaes.com.br\/index.php\/wp-json\/wp\/v2\/comments?post=124005"}],"version-history":[{"count":1,"href":"https:\/\/blogdoedvaldomagalhaes.com.br\/index.php\/wp-json\/wp\/v2\/posts\/124005\/revisions"}],"predecessor-version":[{"id":124007,"href":"https:\/\/blogdoedvaldomagalhaes.com.br\/index.php\/wp-json\/wp\/v2\/posts\/124005\/revisions\/124007"}],"wp:featuredmedia":[{"embeddable":true,"href":"https:\/\/blogdoedvaldomagalhaes.com.br\/index.php\/wp-json\/wp\/v2\/media\/124006"}],"wp:attachment":[{"href":"https:\/\/blogdoedvaldomagalhaes.com.br\/index.php\/wp-json\/wp\/v2\/media?parent=124005"}],"wp:term":[{"taxonomy":"category","embeddable":true,"href":"https:\/\/blogdoedvaldomagalhaes.com.br\/index.php\/wp-json\/wp\/v2\/categories?post=124005"},{"taxonomy":"post_tag","embeddable":true,"href":"https:\/\/blogdoedvaldomagalhaes.com.br\/index.php\/wp-json\/wp\/v2\/tags?post=124005"}],"curies":[{"name":"wp","href":"https:\/\/api.w.org\/{rel}","templated":true}]}}