{"id":124000,"date":"2025-10-23T17:41:11","date_gmt":"2025-10-23T20:41:11","guid":{"rendered":"https:\/\/blogdoedvaldomagalhaes.com.br\/?p=124000"},"modified":"2025-10-23T17:41:11","modified_gmt":"2025-10-23T20:41:11","slug":"com-mel-e-cacau-anderson-correia-homenageia-projeto-que-inspira-adocao-responsavel-em-caruaru","status":"publish","type":"post","link":"https:\/\/blogdoedvaldomagalhaes.com.br\/index.php\/2025\/10\/23\/com-mel-e-cacau-anderson-correia-homenageia-projeto-que-inspira-adocao-responsavel-em-caruaru\/","title":{"rendered":"Com Mel e Cacau, Anderson Correia homenageia projeto que inspira ado\u00e7\u00e3o respons\u00e1vel em Caruaru"},"content":{"rendered":"<p>A C\u00e2mara Municipal de Caruaru viveu um momento de emo\u00e7\u00e3o e sensibilidade na tarde desta quinta-feira (23.10). O vereador e pr\u00e9-candidato a deputado estadual Anderson Correia (PP\/UP) entregou uma Mo\u00e7\u00e3o de Aplausos ao jornalista Pedro Neto e ao coordenador de marketing Charllys Teixeira, em reconhecimento ao trabalho que ambos realizam em prol da causa animal na cidade, com a\u00e7\u00f5es voltadas \u00e0 ado\u00e7\u00e3o respons\u00e1vel, prote\u00e7\u00e3o e conscientiza\u00e7\u00e3o sobre o cuidado com os animais.<\/p>\n<p>A homenagem contou com a presen\u00e7a especial das cadelas Mel e Cacau,  que foram tiradas das ruas e adotadas pelos homenageados, e encantaram a todos na Casa Legislativa. Mais do que um reconhecimento, a iniciativa refor\u00e7a a import\u00e2ncia de fomentar e ampliar esse tipo de a\u00e7\u00e3o em outras c\u00e2maras municipais, n\u00e3o apenas em Pernambuco, mas em todo o Brasil. Projetos como esse promovem a reflex\u00e3o sobre o acolhimento e a ado\u00e7\u00e3o respons\u00e1vel, ajudando a reduzir o n\u00famero de animais em situa\u00e7\u00e3o de rua e garantindo a eles o direito a uma vida digna, cercada de cuidado e afeto.<\/p>\n<p>\u201cPedro e Charles s\u00e3o exemplos de altru\u00edsmo e sensibilidade. Os casos de Mel e Cacau mostra que, com amor e dedica\u00e7\u00e3o, \u00e9 poss\u00edvel transformar abandono em supera\u00e7\u00e3o e descuido em esperan\u00e7a. Essa iniciativa tamb\u00e9m traz um olhar importante sobre a ado\u00e7\u00e3o como pol\u00edtica p\u00fablica, que precisa ser incentivada e ampliada para diminuir o n\u00famero de animais abandonados e em vulnerabilidade. \u00c9 uma pauta que deve ganhar espa\u00e7o nas c\u00e2maras municipais de todo o pa\u00eds, promovendo dignidade aos animais e formando novas fam\u00edlias cheias de afeto\u201d, destacou Correia.<br \/>\nSiga o Instagram @portaledvaldomagalhaes<br \/>\nFoto: Divulga\u00e7\u00e3o <\/p>\n","protected":false},"excerpt":{"rendered":"<p>A C\u00e2mara Municipal de Caruaru viveu um momento de emo\u00e7\u00e3o e sensibilidade na tarde desta quinta-feira (23.10). O vereador e&hellip;<\/p>\n","protected":false},"author":1,"featured_media":124001,"comment_status":"closed","ping_status":"open","sticky":false,"template":"","format":"standard","meta":{"footnotes":""},"categories":[14122],"tags":[13146,35062,20,34634],"class_list":["post-124000","post","type-post","status-publish","format-standard","has-post-thumbnail","hentry","category-politica","tag-blog-edvaldo-magalhaes","tag-com-mel-e-cacau-anderson-correia-homenageia-projeto-que-inspira-adocao-responsavel-em-caruaru","tag-politica","tag-portal-edvaldo-magalhaes"],"_links":{"self":[{"href":"https:\/\/blogdoedvaldomagalhaes.com.br\/index.php\/wp-json\/wp\/v2\/posts\/124000","targetHints":{"allow":["GET"]}}],"collection":[{"href":"https:\/\/blogdoedvaldomagalhaes.com.br\/index.php\/wp-json\/wp\/v2\/posts"}],"about":[{"href":"https:\/\/blogdoedvaldomagalhaes.com.br\/index.php\/wp-json\/wp\/v2\/types\/post"}],"author":[{"embeddable":true,"href":"https:\/\/blogdoedvaldomagalhaes.com.br\/index.php\/wp-json\/wp\/v2\/users\/1"}],"replies":[{"embeddable":true,"href":"https:\/\/blogdoedvaldomagalhaes.com.br\/index.php\/wp-json\/wp\/v2\/comments?post=124000"}],"version-history":[{"count":1,"href":"https:\/\/blogdoedvaldomagalhaes.com.br\/index.php\/wp-json\/wp\/v2\/posts\/124000\/revisions"}],"predecessor-version":[{"id":124002,"href":"https:\/\/blogdoedvaldomagalhaes.com.br\/index.php\/wp-json\/wp\/v2\/posts\/124000\/revisions\/124002"}],"wp:featuredmedia":[{"embeddable":true,"href":"https:\/\/blogdoedvaldomagalhaes.com.br\/index.php\/wp-json\/wp\/v2\/media\/124001"}],"wp:attachment":[{"href":"https:\/\/blogdoedvaldomagalhaes.com.br\/index.php\/wp-json\/wp\/v2\/media?parent=124000"}],"wp:term":[{"taxonomy":"category","embeddable":true,"href":"https:\/\/blogdoedvaldomagalhaes.com.br\/index.php\/wp-json\/wp\/v2\/categories?post=124000"},{"taxonomy":"post_tag","embeddable":true,"href":"https:\/\/blogdoedvaldomagalhaes.com.br\/index.php\/wp-json\/wp\/v2\/tags?post=124000"}],"curies":[{"name":"wp","href":"https:\/\/api.w.org\/{rel}","templated":true}]}}