{"id":124,"date":"2019-01-24T15:24:00","date_gmt":"2019-01-24T17:24:00","guid":{"rendered":"http:\/\/blogdoedvaldomagalhaes.com.br\/index.php\/2019\/01\/24\/governo-de-pernambuco-decreta-estado-de\/"},"modified":"2019-02-09T02:50:37","modified_gmt":"2019-02-09T04:50:37","slug":"governo-de-pernambuco-decreta-estado-de","status":"publish","type":"post","link":"https:\/\/blogdoedvaldomagalhaes.com.br\/index.php\/2019\/01\/24\/governo-de-pernambuco-decreta-estado-de\/","title":{"rendered":"Governo de Pernambuco decreta estado de emerg\u00eancia em 62 munic\u00edpios do Agreste"},"content":{"rendered":"<p><\/p>\n<div class=\"separator\" style=\"clear: both; text-align: center;\">\n<a href=\"https:\/\/1.bp.blogspot.com\/-tQoZ1uo0zWY\/XEnYkhAYtCI\/AAAAAAABBfc\/ZDSqAh5wm98uqKHZO4fOfnDdVSOtJjn6gCLcBGAs\/s1600\/compesa.jpg\" imageanchor=\"1\" style=\"margin-left: 1em; margin-right: 1em;\"><img loading=\"lazy\" decoding=\"async\" border=\"0\" data-original-height=\"425\" data-original-width=\"700\" height=\"388\" src=\"http:\/\/blogdoedvaldomagalhaes.com.br\/wp-content\/uploads\/2019\/01\/compesa.jpg\" width=\"640\" \/><\/a><\/div>\n<div class=\"separator\" style=\"clear: both; text-align: center;\">\nFoto: Divulga\u00e7\u00e3o<\/div>\n<div style=\"background: white; line-height: 18.0pt; margin-bottom: 7.5pt; margin-left: 0cm; margin-right: 0cm; margin-top: 0cm; text-align: justify;\">\n<\/div>\n<div style=\"background: white; line-height: 18.0pt; margin-bottom: 7.5pt; margin-left: 0cm; margin-right: 0cm; margin-top: 0cm; text-align: justify;\">\nFoi publicado no Di\u00e1rio<br \/>\nOficial nesta quinta-feira (24), o decreto em que o Governo de Pernambuco<br \/>\ndecretou estado de emerg\u00eancia em 62 munic\u00edpios do Agreste em decorr\u00eancia da<br \/>\nestiagem e queda das reservas de \u00e1gua nas localidades. Os \u00f3rg\u00e3os estaduais<br \/>\nlocalizados nas \u00e1reas atingidas e competentes para atua\u00e7\u00e3o devem adotar as<br \/>\nmedidas necess\u00e1rias para o combate a situa\u00e7\u00e3o em conjunto com os \u00f3rg\u00e3os<br \/>\nmunicipais. O estado de estiagem ser\u00e1 por um per\u00edodo de 180 dias.<\/div>\n<div style=\"background: white; box-sizing: border-box; line-height: 18.0pt; margin-bottom: 7.5pt; margin-left: 0cm; margin-right: 0cm; margin-top: 0cm; text-align: justify;\">\nOs 62 munic\u00edpios decretados em situa\u00e7\u00e3o de emerg\u00eancia s\u00e3o: \u00c1guas<br \/>\nBelas, &nbsp;Agrestina, Angelim, Alagoinha, Belo Jardim, Bezerros, Bom Jardim,<br \/>\nBom Conselho, Bonito, Brej\u00e3o, Brejo da Madre de Deus, Bu\u00edque, Cachoeirinha,<br \/>\nCaet\u00e9s, Cal\u00e7ados, Canhotinho, Casinhas, Capoeiras, Cupira, Cumaru, Frei<br \/>\nMiguelinho, Feira Nova, Gravat\u00e1, Garanhuns, Iati, Itaiba, Ibirajuba, Jata\u00faba,<br \/>\nJo\u00e3o Alfredo, Jucati, Jup\u00ed, Jurema, Lajedo, Lagoa de Ouro, Limoeiro, Orob\u00f3,<br \/>\nPanelas, Paranatama, Passira, Pesqueira, Pedra, Po\u00e7\u00e3o, Riacho das Almas, Sair\u00e9,<br \/>\nSalgadinho, Salo\u00e1, Sanhar\u00f3, Santa Maria do Cambuc\u00e1, S\u00e3o Bento do Una, S\u00e3o<br \/>\nCaetano, S\u00e3o Jo\u00e3o, S\u00e3o Joaquim do Monte, S\u00e3o Vicente F\u00e9rrer, Surubim, Tacaimb\u00f3,<br \/>\nTaquaritinga do Norte, Terezinha, Tupanatinga, Venturosa, Vertente do L\u00e9rio e<br \/>\nVertentes.<\/div>\n<div style=\"background: white; box-sizing: border-box; line-height: 18.0pt; margin-bottom: 7.5pt; margin-left: 0cm; margin-right: 0cm; margin-top: 0cm; text-align: justify;\">\n<\/div>\n<p><\/p>\n","protected":false},"excerpt":{"rendered":"<p>Foto: Divulga\u00e7\u00e3o Foi publicado no Di\u00e1rio Oficial nesta quinta-feira (24), o decreto em que o Governo de Pernambuco decretou estado&hellip;<\/p>\n","protected":false},"author":1,"featured_media":0,"comment_status":"open","ping_status":"open","sticky":false,"template":"","format":"standard","meta":{"footnotes":""},"categories":[1],"tags":[2,129,6],"class_list":["post-124","post","type-post","status-publish","format-standard","hentry","category-sem-categoria","tag-blog-do-edvaldo-magalhaes","tag-governo-de-pernambuco-decreta-estado-de-emergencia-em-62-municipios-do-agreste","tag-noticias"],"_links":{"self":[{"href":"https:\/\/blogdoedvaldomagalhaes.com.br\/index.php\/wp-json\/wp\/v2\/posts\/124","targetHints":{"allow":["GET"]}}],"collection":[{"href":"https:\/\/blogdoedvaldomagalhaes.com.br\/index.php\/wp-json\/wp\/v2\/posts"}],"about":[{"href":"https:\/\/blogdoedvaldomagalhaes.com.br\/index.php\/wp-json\/wp\/v2\/types\/post"}],"author":[{"embeddable":true,"href":"https:\/\/blogdoedvaldomagalhaes.com.br\/index.php\/wp-json\/wp\/v2\/users\/1"}],"replies":[{"embeddable":true,"href":"https:\/\/blogdoedvaldomagalhaes.com.br\/index.php\/wp-json\/wp\/v2\/comments?post=124"}],"version-history":[{"count":1,"href":"https:\/\/blogdoedvaldomagalhaes.com.br\/index.php\/wp-json\/wp\/v2\/posts\/124\/revisions"}],"predecessor-version":[{"id":37718,"href":"https:\/\/blogdoedvaldomagalhaes.com.br\/index.php\/wp-json\/wp\/v2\/posts\/124\/revisions\/37718"}],"wp:attachment":[{"href":"https:\/\/blogdoedvaldomagalhaes.com.br\/index.php\/wp-json\/wp\/v2\/media?parent=124"}],"wp:term":[{"taxonomy":"category","embeddable":true,"href":"https:\/\/blogdoedvaldomagalhaes.com.br\/index.php\/wp-json\/wp\/v2\/categories?post=124"},{"taxonomy":"post_tag","embeddable":true,"href":"https:\/\/blogdoedvaldomagalhaes.com.br\/index.php\/wp-json\/wp\/v2\/tags?post=124"}],"curies":[{"name":"wp","href":"https:\/\/api.w.org\/{rel}","templated":true}]}}