{"id":1239,"date":"2018-09-22T18:32:00","date_gmt":"2018-09-22T21:32:00","guid":{"rendered":"http:\/\/blogdoedvaldomagalhaes.com.br\/index.php\/2018\/09\/22\/prefeitura-de-caruaru-lanca-novo\/"},"modified":"2019-02-09T02:31:55","modified_gmt":"2019-02-09T04:31:55","slug":"prefeitura-de-caruaru-lanca-novo","status":"publish","type":"post","link":"https:\/\/blogdoedvaldomagalhaes.com.br\/index.php\/2018\/09\/22\/prefeitura-de-caruaru-lanca-novo\/","title":{"rendered":"Prefeitura de Caruaru lan\u00e7a novo processo seletivo para contrata\u00e7\u00e3o de m\u00e9dicos"},"content":{"rendered":"<div class=\"separator\" style=\"clear: both; text-align: center;\">\n<a href=\"https:\/\/1.bp.blogspot.com\/-KrjblzeHeFE\/W6aKqwfVlPI\/AAAAAAAA6eI\/vzm79G-xMk4Ce8LqrXPbVaRR17Ig3kymQCLcBGAs\/s1600\/meidco.jpg\" imageanchor=\"1\" style=\"margin-left: 1em; margin-right: 1em;\"><img loading=\"lazy\" decoding=\"async\" border=\"0\" data-original-height=\"751\" data-original-width=\"1500\" height=\"320\" src=\"http:\/\/blogdoedvaldomagalhaes.com.br\/wp-content\/uploads\/2018\/09\/meidco.jpg\" width=\"640\" \/><\/a><\/div>\n<div style=\"background-color: white; border: 0px; margin-bottom: 1.5em; outline: 0px; padding: 0px; text-align: justify; vertical-align: baseline;\">\n<\/div>\n<div style=\"background-color: white; border: 0px; margin-bottom: 1.5em; outline: 0px; padding: 0px; text-align: justify; vertical-align: baseline;\">\nNessa sexta-feira (21), a Prefeitura Municipal de Caruaru lan\u00e7ou a Sele\u00e7\u00e3o M\u00e9dicos PSF. Oito profissionais ser\u00e3o contratados para atuar nas Unidades de Sa\u00fade da Fam\u00edlia.<\/div>\n<div style=\"background-color: white; border: 0px; margin-bottom: 1.5em; outline: 0px; padding: 0px; text-align: justify; vertical-align: baseline;\">\nAs inscri\u00e7\u00f5es est\u00e3o abertas at\u00e9 o dia primeiro de outubro e s\u00e3o realizadas, exclusivamente, pelo endere\u00e7o eletr\u00f4nico: selecoes.caruaru.pe.gov.br.<\/div>\n<div style=\"background-color: white; border: 0px; margin-bottom: 1.5em; outline: 0px; padding: 0px; text-align: justify; vertical-align: baseline;\">\nA sele\u00e7\u00e3o contar\u00e1 com apenas uma etapa: An\u00e1lise de T\u00edtulos, onde experi\u00eancias profissionais e t\u00edtulos acad\u00eamicos ser\u00e3o analisados de acordo com o que foi preenchido no formul\u00e1rio de inscri\u00e7\u00e3o. A remunera\u00e7\u00e3o \u00e9 de R$15.944,81.<\/div>\n<div style=\"background-color: white; border: 0px; outline: 0px; padding: 0px; text-align: justify; vertical-align: baseline;\">\nO edital est\u00e1 dispon\u00edvel na p\u00e1gina selecoes.caruaru.pe.gov.br. Qualquer d\u00favida poder\u00e1 ser esclarecida pelo e-mail selecaoseducpmc@gmail.com ou no espa\u00e7o \u201cFale Conosco\u201d do site citado anteriormente.<\/div>\n","protected":false},"excerpt":{"rendered":"<p>Nessa sexta-feira (21), a Prefeitura Municipal de Caruaru lan\u00e7ou a Sele\u00e7\u00e3o M\u00e9dicos PSF. Oito profissionais ser\u00e3o contratados para atuar nas&hellip;<\/p>\n","protected":false},"author":1,"featured_media":0,"comment_status":"open","ping_status":"open","sticky":false,"template":"","format":"standard","meta":{"footnotes":""},"categories":[1],"tags":[2,6,1195],"class_list":["post-1239","post","type-post","status-publish","format-standard","hentry","category-sem-categoria","tag-blog-do-edvaldo-magalhaes","tag-noticias","tag-prefeitura-de-caruaru-lanca-novo-processo-seletivo-para-contratacao-de-medicos"],"_links":{"self":[{"href":"https:\/\/blogdoedvaldomagalhaes.com.br\/index.php\/wp-json\/wp\/v2\/posts\/1239","targetHints":{"allow":["GET"]}}],"collection":[{"href":"https:\/\/blogdoedvaldomagalhaes.com.br\/index.php\/wp-json\/wp\/v2\/posts"}],"about":[{"href":"https:\/\/blogdoedvaldomagalhaes.com.br\/index.php\/wp-json\/wp\/v2\/types\/post"}],"author":[{"embeddable":true,"href":"https:\/\/blogdoedvaldomagalhaes.com.br\/index.php\/wp-json\/wp\/v2\/users\/1"}],"replies":[{"embeddable":true,"href":"https:\/\/blogdoedvaldomagalhaes.com.br\/index.php\/wp-json\/wp\/v2\/comments?post=1239"}],"version-history":[{"count":1,"href":"https:\/\/blogdoedvaldomagalhaes.com.br\/index.php\/wp-json\/wp\/v2\/posts\/1239\/revisions"}],"predecessor-version":[{"id":34276,"href":"https:\/\/blogdoedvaldomagalhaes.com.br\/index.php\/wp-json\/wp\/v2\/posts\/1239\/revisions\/34276"}],"wp:attachment":[{"href":"https:\/\/blogdoedvaldomagalhaes.com.br\/index.php\/wp-json\/wp\/v2\/media?parent=1239"}],"wp:term":[{"taxonomy":"category","embeddable":true,"href":"https:\/\/blogdoedvaldomagalhaes.com.br\/index.php\/wp-json\/wp\/v2\/categories?post=1239"},{"taxonomy":"post_tag","embeddable":true,"href":"https:\/\/blogdoedvaldomagalhaes.com.br\/index.php\/wp-json\/wp\/v2\/tags?post=1239"}],"curies":[{"name":"wp","href":"https:\/\/api.w.org\/{rel}","templated":true}]}}