{"id":123877,"date":"2025-10-18T10:53:40","date_gmt":"2025-10-18T13:53:40","guid":{"rendered":"https:\/\/blogdoedvaldomagalhaes.com.br\/?p=123877"},"modified":"2025-10-18T11:36:05","modified_gmt":"2025-10-18T14:36:05","slug":"presidente-da-compesa-acompanha-obras-da-adutora-do-agreste-que-ira-beneficiar-caruaru-bezerros-e-gravata","status":"publish","type":"post","link":"https:\/\/blogdoedvaldomagalhaes.com.br\/index.php\/2025\/10\/18\/presidente-da-compesa-acompanha-obras-da-adutora-do-agreste-que-ira-beneficiar-caruaru-bezerros-e-gravata\/","title":{"rendered":"Presidente da Compesa acompanha obras da Adutora do Agreste que ir\u00e1 beneficiar Caruaru, Bezerros e Gravat\u00e1"},"content":{"rendered":"<p>As obras da Adutora do Agreste que est\u00e3o em execu\u00e7\u00e3o no quil\u00f4metro 126 da BR-232, em Caruaru, foram vistoriadas  pelo presidente da Compesa, Douglas N\u00f3brega, acompanhando do diretor Fl\u00e1vio Coutinho e de t\u00e9cnicos da companhia. O trecho da obra \u00e9 a continuidade da interven\u00e7\u00e3o de travessia de 63 metros de extens\u00e3o sob a rodovia. Agora, os servi\u00e7os est\u00e3o voltados para a execu\u00e7\u00e3o da caixa de deriva\u00e7\u00e3o e de ancoragem nessa travessia. <\/p>\n<p>Al\u00e9m das interven\u00e7\u00f5es, outras frentes de trabalho seguem em andamento, como a constru\u00e7\u00e3o de novos equipamentos e melhorias na Esta\u00e7\u00e3o de Tratamento de \u00c1gua (ETA) Bezerros, que est\u00e1 sendo preparada para receber \u00e1gua do Rio S\u00e3o Francisco. Na sequ\u00eancia, a \u00e1gua proveniente da Transposi\u00e7\u00e3o seguir\u00e1 at\u00e9 Gravat\u00e1. Atrav\u00e9s de um outro trecho, partindo desta travessia, o sistema tamb\u00e9m levar\u00e1 \u00e1gua para a ETA Salgado, em Caruaru.<\/p>\n<p>Essa etapa recebe investimento de R$ 92 milh\u00f5es e a expectativa da Compesa \u00e9 iniciar os testes operacionais para Bezerros em novembro. De acordo com o presidente da Compesa, Douglas N\u00f3brega, a companhia tem intensificado as a\u00e7\u00f5es para garantir o in\u00edcio do funcionamento do sistema o quanto antes para atender a popula\u00e7\u00e3o. Esse trecho da Adutora do Agreste tamb\u00e9m contempla, al\u00e9m de Bezerros, as cidades de Caruaru e Gravat\u00e1. Ap\u00f3s a conclus\u00e3o da etapa que chegar\u00e1 a Bezerros, as obras prosseguem at\u00e9 Gravat\u00e1, cujos testes est\u00e3o previstos para come\u00e7ar no primeiro trimestre do pr\u00f3ximo ano.<\/p>\n<p>\u201cNessa reta final para o in\u00edcio dos testes, estamos acompanhando de perto cada etapa da obra para que Bezerros receba o refor\u00e7o no abastecimento de \u00e1gua o mais brevemente poss\u00edvel. Esse \u00e9 mais um passo dentro dos grandes esfor\u00e7os do Governo de Pernambuco, sob a lideran\u00e7a da governadora Raquel Lyra, que tem colocado como prioridade levar mais \u00e1gua para o Agreste, uma regi\u00e3o historicamente marcada por dificuldades no abastecimento\u201d, destacou N\u00f3brega.<br \/>\nSiga o Instagram @portaledvaldomagalhaes<br \/>\nFoto: Divulga\u00e7\u00e3o <\/p>\n","protected":false},"excerpt":{"rendered":"<p>As obras da Adutora do Agreste que est\u00e3o em execu\u00e7\u00e3o no quil\u00f4metro 126 da BR-232, em Caruaru, foram vistoriadas pelo&hellip;<\/p>\n","protected":false},"author":1,"featured_media":123878,"comment_status":"closed","ping_status":"open","sticky":false,"template":"","format":"standard","meta":{"footnotes":""},"categories":[14122],"tags":[1548,13146,34634,35003],"class_list":["post-123877","post","type-post","status-publish","format-standard","has-post-thumbnail","hentry","category-politica","tag-bezerros","tag-blog-edvaldo-magalhaes","tag-portal-edvaldo-magalhaes","tag-presidente-da-compesa-acompanha-obras-da-adutora-do-agreste-que-ira-beneficiar-caruaru"],"_links":{"self":[{"href":"https:\/\/blogdoedvaldomagalhaes.com.br\/index.php\/wp-json\/wp\/v2\/posts\/123877","targetHints":{"allow":["GET"]}}],"collection":[{"href":"https:\/\/blogdoedvaldomagalhaes.com.br\/index.php\/wp-json\/wp\/v2\/posts"}],"about":[{"href":"https:\/\/blogdoedvaldomagalhaes.com.br\/index.php\/wp-json\/wp\/v2\/types\/post"}],"author":[{"embeddable":true,"href":"https:\/\/blogdoedvaldomagalhaes.com.br\/index.php\/wp-json\/wp\/v2\/users\/1"}],"replies":[{"embeddable":true,"href":"https:\/\/blogdoedvaldomagalhaes.com.br\/index.php\/wp-json\/wp\/v2\/comments?post=123877"}],"version-history":[{"count":1,"href":"https:\/\/blogdoedvaldomagalhaes.com.br\/index.php\/wp-json\/wp\/v2\/posts\/123877\/revisions"}],"predecessor-version":[{"id":123879,"href":"https:\/\/blogdoedvaldomagalhaes.com.br\/index.php\/wp-json\/wp\/v2\/posts\/123877\/revisions\/123879"}],"wp:featuredmedia":[{"embeddable":true,"href":"https:\/\/blogdoedvaldomagalhaes.com.br\/index.php\/wp-json\/wp\/v2\/media\/123878"}],"wp:attachment":[{"href":"https:\/\/blogdoedvaldomagalhaes.com.br\/index.php\/wp-json\/wp\/v2\/media?parent=123877"}],"wp:term":[{"taxonomy":"category","embeddable":true,"href":"https:\/\/blogdoedvaldomagalhaes.com.br\/index.php\/wp-json\/wp\/v2\/categories?post=123877"},{"taxonomy":"post_tag","embeddable":true,"href":"https:\/\/blogdoedvaldomagalhaes.com.br\/index.php\/wp-json\/wp\/v2\/tags?post=123877"}],"curies":[{"name":"wp","href":"https:\/\/api.w.org\/{rel}","templated":true}]}}