{"id":123874,"date":"2025-10-18T10:43:11","date_gmt":"2025-10-18T13:43:11","guid":{"rendered":"https:\/\/blogdoedvaldomagalhaes.com.br\/?p=123874"},"modified":"2025-10-18T10:43:11","modified_gmt":"2025-10-18T13:43:11","slug":"sala-vermelha-do-hra-e-totalmente-requalificada-e-ganha-novo-padrao-de-estrutura-e-conforto","status":"publish","type":"post","link":"https:\/\/blogdoedvaldomagalhaes.com.br\/index.php\/2025\/10\/18\/sala-vermelha-do-hra-e-totalmente-requalificada-e-ganha-novo-padrao-de-estrutura-e-conforto\/","title":{"rendered":"Sala Vermelha do HRA \u00e9 totalmente requalificada e ganha novo padr\u00e3o de estrutura e conforto"},"content":{"rendered":"<p>O Hospital Regional do Agreste (HRA) segue avan\u00e7ando no seu plano de requalifica\u00e7\u00e3o estrutural, com diversas melhorias em andamento em v\u00e1rios setores da unidade. Enfermarias e corredor da ortopedia, banheiros, postos de enfermagem e a Central de Abastecimento Farmac\u00eautica j\u00e1 passaram por reformas significativas. Agora, \u00e9 a vez de a sala vermelha \u2014 espa\u00e7o que comporta 13 leitos \u2014 ser completamente entregue \u00e0 popula\u00e7\u00e3o com nova estrutura e mais conforto.<\/p>\n<p>Entre os servi\u00e7os realizados est\u00e3o a instala\u00e7\u00e3o de piso vin\u00edlico, forro e divis\u00f3rias em drywall, pintura completa, novas instala\u00e7\u00f5es el\u00e9tricas, revestimento cer\u00e2mico em piso e paredes, vidros, ilumina\u00e7\u00e3o moderna, lou\u00e7as e metais novos, kit de portas de impacto, bancadas em granito e inox, al\u00e9m de um sistema de climatiza\u00e7\u00e3o totalmente renovado e um dos itens mais esperados, torneiras t\u00e9rmicas, que v\u00e3o proporcionar mais conforto no banho aos pacientes. H\u00e1, ainda, a disposi\u00e7\u00e3o de espa\u00e7os para assepsia dos profissionais e lixo contaminado.<\/p>\n<p>A entrega faz parte do pacote de melhorias promovido pelo Governo de Pernambuco nos seis maiores hospitais do estado, com foco em proporcionar mais qualidade, seguran\u00e7a e bem-estar tanto para pacientes quanto para profissionais de sa\u00fade.<\/p>\n<p>\u201cEstamos entregando uma s\u00e9rie de melhorias em nosso hospital, que n\u00e3o passava por uma manuten\u00e7\u00e3o h\u00e1 mais de dez anos. N\u00e3o \u00e9 uma simples reforma, \u00e9 a entrega de ambientes acolhedores, seguros e mais adequados para o cuidado em sa\u00fade. O SUS \u00e9 feito por pessoas e para pessoas: trabalhadores e pacientes. Seguiremos avan\u00e7ando com novas entregas que v\u00e3o beneficiar as quase seis mil pessoas atendidas mensalmente em nossa unidade\u201d, destaca \u00cdtala Gomes, diretora-geral do HRA.<br \/>\nSeja seguidor do Instagram @portaledvaldomagalhaes<br \/>\nFoto: Divulga\u00e7\u00e3o <\/p>\n","protected":false},"excerpt":{"rendered":"<p>O Hospital Regional do Agreste (HRA) segue avan\u00e7ando no seu plano de requalifica\u00e7\u00e3o estrutural, com diversas melhorias em andamento em&hellip;<\/p>\n","protected":false},"author":1,"featured_media":123875,"comment_status":"closed","ping_status":"open","sticky":false,"template":"","format":"standard","meta":{"footnotes":""},"categories":[14120],"tags":[13146,312,34634,35002],"class_list":["post-123874","post","type-post","status-publish","format-standard","has-post-thumbnail","hentry","category-noticias","tag-blog-edvaldo-magalhaes","tag-hospital-regional-do-agreste","tag-portal-edvaldo-magalhaes","tag-sala-vermelha-do-hra-e-totalmente-requalificada-e-ganha-novo-padrao-de-estrutura-e-conforto"],"_links":{"self":[{"href":"https:\/\/blogdoedvaldomagalhaes.com.br\/index.php\/wp-json\/wp\/v2\/posts\/123874","targetHints":{"allow":["GET"]}}],"collection":[{"href":"https:\/\/blogdoedvaldomagalhaes.com.br\/index.php\/wp-json\/wp\/v2\/posts"}],"about":[{"href":"https:\/\/blogdoedvaldomagalhaes.com.br\/index.php\/wp-json\/wp\/v2\/types\/post"}],"author":[{"embeddable":true,"href":"https:\/\/blogdoedvaldomagalhaes.com.br\/index.php\/wp-json\/wp\/v2\/users\/1"}],"replies":[{"embeddable":true,"href":"https:\/\/blogdoedvaldomagalhaes.com.br\/index.php\/wp-json\/wp\/v2\/comments?post=123874"}],"version-history":[{"count":1,"href":"https:\/\/blogdoedvaldomagalhaes.com.br\/index.php\/wp-json\/wp\/v2\/posts\/123874\/revisions"}],"predecessor-version":[{"id":123876,"href":"https:\/\/blogdoedvaldomagalhaes.com.br\/index.php\/wp-json\/wp\/v2\/posts\/123874\/revisions\/123876"}],"wp:featuredmedia":[{"embeddable":true,"href":"https:\/\/blogdoedvaldomagalhaes.com.br\/index.php\/wp-json\/wp\/v2\/media\/123875"}],"wp:attachment":[{"href":"https:\/\/blogdoedvaldomagalhaes.com.br\/index.php\/wp-json\/wp\/v2\/media?parent=123874"}],"wp:term":[{"taxonomy":"category","embeddable":true,"href":"https:\/\/blogdoedvaldomagalhaes.com.br\/index.php\/wp-json\/wp\/v2\/categories?post=123874"},{"taxonomy":"post_tag","embeddable":true,"href":"https:\/\/blogdoedvaldomagalhaes.com.br\/index.php\/wp-json\/wp\/v2\/tags?post=123874"}],"curies":[{"name":"wp","href":"https:\/\/api.w.org\/{rel}","templated":true}]}}