{"id":123871,"date":"2025-10-17T20:58:27","date_gmt":"2025-10-17T23:58:27","guid":{"rendered":"https:\/\/blogdoedvaldomagalhaes.com.br\/?p=123871"},"modified":"2025-10-17T20:58:27","modified_gmt":"2025-10-17T23:58:27","slug":"em-encontro-com-governadora-de-sichuan-raquel-lyra-anuncia-edital-de-selecao-de-bolsistas-pernambucanos-para-universidades-chinesas","status":"publish","type":"post","link":"https:\/\/blogdoedvaldomagalhaes.com.br\/index.php\/2025\/10\/17\/em-encontro-com-governadora-de-sichuan-raquel-lyra-anuncia-edital-de-selecao-de-bolsistas-pernambucanos-para-universidades-chinesas\/","title":{"rendered":"Em encontro com governadora de Sichuan, Raquel Lyra anuncia edital de sele\u00e7\u00e3o de bolsistas pernambucanos para universidades chinesas"},"content":{"rendered":"<p><span style=\"font-size: revert;\">_O programa de bolsas de interc\u00e2mbio entre Pernambuco e Sichuan estabelece a coopera\u00e7\u00e3o entre as regi\u00f5es para desenvolver futuras colabora\u00e7\u00f5es em ci\u00eancia, tecnologia e inova\u00e7\u00e3o_<\/span><\/p>\n<p>Em agenda na China, a governadora Raquel Lyra anunciou, nesta sexta-feira (17), o edital de sele\u00e7\u00e3o de bolsistas pernambucanos para universidades chinesas. O documento ser\u00e1 publicado no m\u00eas de novembro com a oferta de 30 vagas para que os estudantes fa\u00e7am gradua\u00e7\u00e3o, mestrado e doutorado em universidades de Sichuan. O an\u00fancio foi feito durante encontro com a governadora da prov\u00edncia, Shi Xiaolin. Na ocasi\u00e3o, foi assinado memorando de entendimento entre o Departamento de Educa\u00e7\u00e3o de Sichuan e a Secretaria de Ci\u00eancia, Tecnologia e Inova\u00e7\u00e3o de Pernambuco (Secti).<\/p>\n<p>Durante a cerim\u00f4nia, a chefe do Executivo estadual pontuou que a iniciativa d\u00e1 continuidade \u00e0 coopera\u00e7\u00e3o educacional entre as duas regi\u00f5es e busca o desenvolvimento dos estudantes pernambucanos e chineses. \u201cEsse programa \u00e9 um passo concreto na constru\u00e7\u00e3o de novos di\u00e1logos entre Pernambuco e a China. Queremos oferecer aos nossos jovens a oportunidade de expandir os estudos, conhecer novas culturas e trazer de volta conhecimento que ajude a transformar o nosso Estado. Ainda em 2024, recebemos uma comitiva do Governo da Prov\u00edncia de Sichuan e de l\u00e1 para c\u00e1, fortalecemos essa importante parceria que hoje se concretiza para beneficiar os universit\u00e1rios pernambucanos com essa troca de experi\u00eancias\u201d, ressaltou Raquel Lyra.<\/p>\n<p>A iniciativa, que tem o objetivo de estabelecer a coopera\u00e7\u00e3o entre Pernambuco e a China, prev\u00ea o envio anual de 30 universit\u00e1rios pernambucanos para um per\u00edodo de estudos e imers\u00e3o cultural em universidades chinesas. O edital est\u00e1 em fase final de elabora\u00e7\u00e3o pela Funda\u00e7\u00e3o de Amparo \u00e0 Ci\u00eancia e Tecnologia de Pernambuco (Facepe), que ir\u00e1 detalhar os crit\u00e9rios e o processo de sele\u00e7\u00e3o para ser divulgado em novembro.<\/p>\n<p>O Departamento de Educa\u00e7\u00e3o e Universidades da Prov\u00edncia de Sichuan \u00e9 uma autoridade educacional de n\u00edvel provincial sob o Governo Popular Provincial de Sichuan, que \u00e9 respons\u00e1vel por supervisionar o sistema educacional da prov\u00edncia e tamb\u00e9m a Universidade de Sichuan (SCU). A agenda ainda incluiu um encontro da governadora Raquel Lyra com representantes do governo de Sichuan e de universidades.<\/p>\n<p>*MISS\u00c3O* \u2013 Liderada pela governadora Raquel Lyra, a comitiva pernambucana segue na China at\u00e9 22 de outubro, cumprindo compromissos voltados \u00e0 coopera\u00e7\u00e3o econ\u00f4mica, inova\u00e7\u00e3o tecnol\u00f3gica e capta\u00e7\u00e3o de investimentos em energia e mobilidade para o Estado. A partir do dia 22, a comitiva parte para a Dinamarca, onde participa de reuni\u00f5es em Copenhague e S\u00f8nderborg com grandes empresas do setor log\u00edstico, como a APM Terminals e a Maersk.<\/p>\n<p>A delega\u00e7\u00e3o chinesa que compareceu \u00e0 agenda foi composta pelo vice-governador Ren Jingdong; o secret\u00e1rio-geral do Governo Provincial, Hu Yuankun; o secret\u00e1rio-geral adjunto do Governo Provincial e diretor do Gabinete Geral, Wang Jianjun; a diretora-geral do Escrit\u00f3rio Provincial de Rela\u00e7\u00f5es Exteriores, Zhang Tao; o diretor-geral do Departamento de Ci\u00eancia e Tecnologia, Lu Songming; o diretor-geral do Departamento de Com\u00e9rcio, Hui Zhaoxu; e o vice-secret\u00e1rio do Comit\u00ea de Trabalho de Educa\u00e7\u00e3o do Comit\u00ea Provincial do PCCh, Zhang Lantao.<\/p>\n<p>Na comitiva pernambucana, estiveram presentes os secret\u00e1rios estaduais Jo\u00e3o Salles (Assessoria Especial \u00e0 Governadora e Rela\u00e7\u00f5es Internacionais), Guilherme Cavalcanti (Desenvolvimento Econ\u00f4mico) e Andr\u00e9 Teixeira Filho (Mobilidade e Infraestrutura), al\u00e9m das secret\u00e1rias-executivas Rayane Aguiar (Rela\u00e7\u00f5es Internacionais) e Daniella Brito (Imprensa). <span style=\"font-size: revert;\">Foto: Divulga\u00e7\u00e3o.<br \/>\nSiga o Instagram @portaledvaldomagalhaes<\/span><\/p>\n","protected":false},"excerpt":{"rendered":"<p>_O programa de bolsas de interc\u00e2mbio entre Pernambuco e Sichuan estabelece a coopera\u00e7\u00e3o entre as regi\u00f5es para desenvolver futuras colabora\u00e7\u00f5es&hellip;<\/p>\n","protected":false},"author":1,"featured_media":123872,"comment_status":"closed","ping_status":"open","sticky":false,"template":"","format":"standard","meta":{"footnotes":""},"categories":[14122],"tags":[13146,3406,34634,1229],"class_list":["post-123871","post","type-post","status-publish","format-standard","has-post-thumbnail","hentry","category-politica","tag-blog-edvaldo-magalhaes","tag-caruaru","tag-portal-edvaldo-magalhaes","tag-raquel-lyra"],"_links":{"self":[{"href":"https:\/\/blogdoedvaldomagalhaes.com.br\/index.php\/wp-json\/wp\/v2\/posts\/123871","targetHints":{"allow":["GET"]}}],"collection":[{"href":"https:\/\/blogdoedvaldomagalhaes.com.br\/index.php\/wp-json\/wp\/v2\/posts"}],"about":[{"href":"https:\/\/blogdoedvaldomagalhaes.com.br\/index.php\/wp-json\/wp\/v2\/types\/post"}],"author":[{"embeddable":true,"href":"https:\/\/blogdoedvaldomagalhaes.com.br\/index.php\/wp-json\/wp\/v2\/users\/1"}],"replies":[{"embeddable":true,"href":"https:\/\/blogdoedvaldomagalhaes.com.br\/index.php\/wp-json\/wp\/v2\/comments?post=123871"}],"version-history":[{"count":1,"href":"https:\/\/blogdoedvaldomagalhaes.com.br\/index.php\/wp-json\/wp\/v2\/posts\/123871\/revisions"}],"predecessor-version":[{"id":123873,"href":"https:\/\/blogdoedvaldomagalhaes.com.br\/index.php\/wp-json\/wp\/v2\/posts\/123871\/revisions\/123873"}],"wp:featuredmedia":[{"embeddable":true,"href":"https:\/\/blogdoedvaldomagalhaes.com.br\/index.php\/wp-json\/wp\/v2\/media\/123872"}],"wp:attachment":[{"href":"https:\/\/blogdoedvaldomagalhaes.com.br\/index.php\/wp-json\/wp\/v2\/media?parent=123871"}],"wp:term":[{"taxonomy":"category","embeddable":true,"href":"https:\/\/blogdoedvaldomagalhaes.com.br\/index.php\/wp-json\/wp\/v2\/categories?post=123871"},{"taxonomy":"post_tag","embeddable":true,"href":"https:\/\/blogdoedvaldomagalhaes.com.br\/index.php\/wp-json\/wp\/v2\/tags?post=123871"}],"curies":[{"name":"wp","href":"https:\/\/api.w.org\/{rel}","templated":true}]}}