{"id":123863,"date":"2025-10-17T17:31:46","date_gmt":"2025-10-17T20:31:46","guid":{"rendered":"https:\/\/blogdoedvaldomagalhaes.com.br\/?p=123863"},"modified":"2025-10-17T17:34:17","modified_gmt":"2025-10-17T20:34:17","slug":"prf-detem-motorista-com-carro-clonado-arma-de-pressao-e-distintivo-falso","status":"publish","type":"post","link":"https:\/\/blogdoedvaldomagalhaes.com.br\/index.php\/2025\/10\/17\/prf-detem-motorista-com-carro-clonado-arma-de-pressao-e-distintivo-falso\/","title":{"rendered":"PRF det\u00e9m motorista com carro clonado, arma de press\u00e3o e distintivo falso"},"content":{"rendered":"<p>Um homem que estava em um carro clonado e transportava uma arma de press\u00e3o e um distintivo falso da Pol\u00edcia Civil foi detido, na quinta-feira (16), pela Pol\u00edcia Rodovi\u00e1ria Federal (PRF). A a\u00e7\u00e3o ocorreu no Km 70 da BR-101, no Curado, Zona Oeste do Recife.<\/p>\n<p>Durante a abordagem pr\u00f3ximo ao Ceasa, os policiais notaram sinais de adultera\u00e7\u00e3o no carro. Aprofundando a verifica\u00e7\u00e3o, confirmou-se que o ve\u00edculo era clonado, mas n\u00e3o tinha queixa de roubo.<\/p>\n<p>Na abordagem, tamb\u00e9m foram apreendidos um distintivo da Pol\u00edcia Civil e um rev\u00f3lver de press\u00e3o com seis muni\u00e7\u00f5es.<\/p>\n<p><img loading=\"lazy\" decoding=\"async\" src=\"https:\/\/blogdoedvaldomagalhaes.com.br\/wp-content\/uploads\/2025\/10\/img-20251017-wa02611394431619638310262.jpg\" class=\"wp-image-123866 alignnone size-full\" width=\"1200\" height=\"1600\" srcset=\"https:\/\/blogdoedvaldomagalhaes.com.br\/wp-content\/uploads\/2025\/10\/img-20251017-wa02611394431619638310262.jpg 1200w, https:\/\/blogdoedvaldomagalhaes.com.br\/wp-content\/uploads\/2025\/10\/img-20251017-wa02611394431619638310262-225x300.jpg 225w, https:\/\/blogdoedvaldomagalhaes.com.br\/wp-content\/uploads\/2025\/10\/img-20251017-wa02611394431619638310262-768x1024.jpg 768w, https:\/\/blogdoedvaldomagalhaes.com.br\/wp-content\/uploads\/2025\/10\/img-20251017-wa02611394431619638310262-1152x1536.jpg 1152w\" sizes=\"auto, (max-width: 1200px) 100vw, 1200px\" \/><\/p>\n<p>O homem tinha passagem na pol\u00edcia por extors\u00e3o. Ele admitiu que a arma era dele, mas disse que o carro era de um amigo que \u00e9 mec\u00e2nico e o distintivo j\u00e1 estaria dentro do ve\u00edculo.<\/p>\n<p>O homem, o ve\u00edculo e o material apreendido foram encaminhados \u00e0 Central de Plant\u00f5es da Capital (Ceplanc), em Campo Grande, na Zona Norte da capital.<br \/>\nSeja seguidor do Instagram @portaledvaldomagalhaes<br \/>\nFotos: Divulga\u00e7\u00e3o\/PRF<\/p>\n","protected":false},"excerpt":{"rendered":"<p>Um homem que estava em um carro clonado e transportava uma arma de press\u00e3o e um distintivo falso da Pol\u00edcia&hellip;<\/p>\n","protected":false},"author":1,"featured_media":123864,"comment_status":"closed","ping_status":"open","sticky":false,"template":"","format":"standard","meta":{"footnotes":""},"categories":[14121],"tags":[13146,3406,34634,35000],"class_list":["post-123863","post","type-post","status-publish","format-standard","has-post-thumbnail","hentry","category-policial","tag-blog-edvaldo-magalhaes","tag-caruaru","tag-portal-edvaldo-magalhaes","tag-prf-detem-homem-com-carro-clonado"],"_links":{"self":[{"href":"https:\/\/blogdoedvaldomagalhaes.com.br\/index.php\/wp-json\/wp\/v2\/posts\/123863","targetHints":{"allow":["GET"]}}],"collection":[{"href":"https:\/\/blogdoedvaldomagalhaes.com.br\/index.php\/wp-json\/wp\/v2\/posts"}],"about":[{"href":"https:\/\/blogdoedvaldomagalhaes.com.br\/index.php\/wp-json\/wp\/v2\/types\/post"}],"author":[{"embeddable":true,"href":"https:\/\/blogdoedvaldomagalhaes.com.br\/index.php\/wp-json\/wp\/v2\/users\/1"}],"replies":[{"embeddable":true,"href":"https:\/\/blogdoedvaldomagalhaes.com.br\/index.php\/wp-json\/wp\/v2\/comments?post=123863"}],"version-history":[{"count":2,"href":"https:\/\/blogdoedvaldomagalhaes.com.br\/index.php\/wp-json\/wp\/v2\/posts\/123863\/revisions"}],"predecessor-version":[{"id":123867,"href":"https:\/\/blogdoedvaldomagalhaes.com.br\/index.php\/wp-json\/wp\/v2\/posts\/123863\/revisions\/123867"}],"wp:featuredmedia":[{"embeddable":true,"href":"https:\/\/blogdoedvaldomagalhaes.com.br\/index.php\/wp-json\/wp\/v2\/media\/123864"}],"wp:attachment":[{"href":"https:\/\/blogdoedvaldomagalhaes.com.br\/index.php\/wp-json\/wp\/v2\/media?parent=123863"}],"wp:term":[{"taxonomy":"category","embeddable":true,"href":"https:\/\/blogdoedvaldomagalhaes.com.br\/index.php\/wp-json\/wp\/v2\/categories?post=123863"},{"taxonomy":"post_tag","embeddable":true,"href":"https:\/\/blogdoedvaldomagalhaes.com.br\/index.php\/wp-json\/wp\/v2\/tags?post=123863"}],"curies":[{"name":"wp","href":"https:\/\/api.w.org\/{rel}","templated":true}]}}