{"id":123802,"date":"2025-10-15T08:59:14","date_gmt":"2025-10-15T11:59:14","guid":{"rendered":"https:\/\/blogdoedvaldomagalhaes.com.br\/?p=123802"},"modified":"2025-10-15T09:01:38","modified_gmt":"2025-10-15T12:01:38","slug":"exposicao-rota-da-fe-traz-arte-e-espiritualidade-para-tamandare","status":"publish","type":"post","link":"https:\/\/blogdoedvaldomagalhaes.com.br\/index.php\/2025\/10\/15\/exposicao-rota-da-fe-traz-arte-e-espiritualidade-para-tamandare\/","title":{"rendered":"Exposi\u00e7\u00e3o \u201cRota da F\u00e9\u201d traz arte e espiritualidade para Tamandar\u00e9"},"content":{"rendered":"<p>Entre os dias 18 de outubro e 1\u00ba de novembro, a Vila Padre Arlindo recebe a<br \/>\nexposi\u00e7\u00e3o \u201cRota da F\u00e9\u201d, da fot\u00f3grafa Martha Regina. A abertura acontece \u00e0s 19h,<br \/>\ne ser\u00e1 marcada por uma b\u00ean\u00e7\u00e3o especial do Padre Arlindo, criador do movimento<br \/>\nque inspira a mostra.<br \/>\nA exposi\u00e7\u00e3o re\u00fane fotografias que documentam manifesta\u00e7\u00f5es culturais e<br \/>\nreligiosas, revelando a for\u00e7a da f\u00e9 como elemento essencial da identidade local.<br \/>\nAl\u00e9m de valorizar o patrim\u00f4nio imaterial, o projeto, viabilizado pela PNAB, amplia o<br \/>\nacesso \u00e0 arte, a reflex\u00e3o e a celebra\u00e7\u00e3o da cultura pernambucana.<br \/>\nSegundo Martha Regina, fot\u00f3grafa, curadora e respons\u00e1vel pelo projeto:<br \/>\n\u201cA Rota da F\u00e9 \u00e9 mais que uma exposi\u00e7\u00e3o. \u00c9 um convite para que todos vivam a<br \/>\nespiritualidade e a cultura de Tamandar\u00e9. Meu objetivo foi documentar, em<br \/>\nimagens, o trabalho t\u00e3o grandioso que Padre Arlindo realiza e que atrai n\u00e3o apenas<br \/>\na comunidade local, mas pessoas de todo o Brasil e at\u00e9 do mundo.\u201d<br \/>\nSeja seguidor do Instagram @portaledvaldomagalhaes<br \/>\nFoto: Divulga\u00e7\u00e3o <\/p>\n","protected":false},"excerpt":{"rendered":"<p>Entre os dias 18 de outubro e 1\u00ba de novembro, a Vila Padre Arlindo recebe a exposi\u00e7\u00e3o \u201cRota da F\u00e9\u201d,&hellip;<\/p>\n","protected":false},"author":1,"featured_media":123805,"comment_status":"closed","ping_status":"open","sticky":false,"template":"","format":"standard","meta":{"footnotes":""},"categories":[14120],"tags":[13146,34986,6,34634],"class_list":["post-123802","post","type-post","status-publish","format-standard","has-post-thumbnail","hentry","category-noticias","tag-blog-edvaldo-magalhaes","tag-exposicao-rota-da-fe-traz-arte-e-espiritualidade-para-tamandare","tag-noticias","tag-portal-edvaldo-magalhaes"],"_links":{"self":[{"href":"https:\/\/blogdoedvaldomagalhaes.com.br\/index.php\/wp-json\/wp\/v2\/posts\/123802","targetHints":{"allow":["GET"]}}],"collection":[{"href":"https:\/\/blogdoedvaldomagalhaes.com.br\/index.php\/wp-json\/wp\/v2\/posts"}],"about":[{"href":"https:\/\/blogdoedvaldomagalhaes.com.br\/index.php\/wp-json\/wp\/v2\/types\/post"}],"author":[{"embeddable":true,"href":"https:\/\/blogdoedvaldomagalhaes.com.br\/index.php\/wp-json\/wp\/v2\/users\/1"}],"replies":[{"embeddable":true,"href":"https:\/\/blogdoedvaldomagalhaes.com.br\/index.php\/wp-json\/wp\/v2\/comments?post=123802"}],"version-history":[{"count":1,"href":"https:\/\/blogdoedvaldomagalhaes.com.br\/index.php\/wp-json\/wp\/v2\/posts\/123802\/revisions"}],"predecessor-version":[{"id":123804,"href":"https:\/\/blogdoedvaldomagalhaes.com.br\/index.php\/wp-json\/wp\/v2\/posts\/123802\/revisions\/123804"}],"wp:featuredmedia":[{"embeddable":true,"href":"https:\/\/blogdoedvaldomagalhaes.com.br\/index.php\/wp-json\/wp\/v2\/media\/123805"}],"wp:attachment":[{"href":"https:\/\/blogdoedvaldomagalhaes.com.br\/index.php\/wp-json\/wp\/v2\/media?parent=123802"}],"wp:term":[{"taxonomy":"category","embeddable":true,"href":"https:\/\/blogdoedvaldomagalhaes.com.br\/index.php\/wp-json\/wp\/v2\/categories?post=123802"},{"taxonomy":"post_tag","embeddable":true,"href":"https:\/\/blogdoedvaldomagalhaes.com.br\/index.php\/wp-json\/wp\/v2\/tags?post=123802"}],"curies":[{"name":"wp","href":"https:\/\/api.w.org\/{rel}","templated":true}]}}