{"id":1238,"date":"2018-09-22T23:24:00","date_gmt":"2018-09-23T02:24:00","guid":{"rendered":"http:\/\/blogdoedvaldomagalhaes.com.br\/index.php\/2018\/09\/22\/asec-caruaru-empata-com-joao-alfredo\/"},"modified":"2019-02-09T02:31:56","modified_gmt":"2019-02-09T04:31:56","slug":"asec-caruaru-empata-com-joao-alfredo","status":"publish","type":"post","link":"https:\/\/blogdoedvaldomagalhaes.com.br\/index.php\/2018\/09\/22\/asec-caruaru-empata-com-joao-alfredo\/","title":{"rendered":"Asec Caruaru empata com Jo\u00e3o Alfredo pelo Pernambucano de Futsal"},"content":{"rendered":"<div class=\"separator\" style=\"clear: both; text-align: center;\">\n<a href=\"https:\/\/3.bp.blogspot.com\/-kzxBH7Guo2M\/W6bN5s6xjtI\/AAAAAAAA6ec\/0B8PfRNfNN4QQOO19liCfR8JjHQk2uWJwCLcBGAs\/s1600\/IMG-20180922-WA0168.jpg\" imageanchor=\"1\" style=\"margin-left: 1em; margin-right: 1em;\"><img loading=\"lazy\" decoding=\"async\" border=\"0\" data-original-height=\"960\" data-original-width=\"1280\" height=\"480\" src=\"http:\/\/blogdoedvaldomagalhaes.com.br\/wp-content\/uploads\/2018\/09\/IMG-20180922-WA0168.jpg\" width=\"640\" \/><\/a><\/div>\n<div class=\"separator\" style=\"clear: both; text-align: center;\">\nFoto: Vital Flor\u00eancio\/Divulga\u00e7\u00e3o&nbsp;<\/div>\n<div class=\"separator\" style=\"clear: both; text-align: center;\">\n<\/div>\n<div style=\"text-align: justify;\">\nA Asec ficou no empate, em 2 a 2, com a equipe de Jo\u00e3o Alfredo, pela quarta rodada do Campeonato Pernambucano de Futsal, neste s\u00e1bado (22), no Sesc Caruaru.<\/div>\n<div style=\"text-align: justify;\">\n<\/div>\n<div style=\"text-align: justify;\">\nOs gols da equipe caruaruense foram marcados por Zanatta e Xande. Com o resultado, a Asec soma sete pontos, sendo duas vit\u00f3rias, uma derrota e empate.&nbsp;<\/div>\n<div style=\"text-align: justify;\">\n<\/div>\n<div style=\"text-align: justify;\">\nO pr\u00f3ximo duelo da Associa\u00e7\u00e3o ser\u00e1 nesta quinta-feira (27), contra a equipe Bom Jardim, \u00e0s 20h, pela quinta rodada do Estadual.<\/div>\n","protected":false},"excerpt":{"rendered":"<p>Foto: Vital Flor\u00eancio\/Divulga\u00e7\u00e3o&nbsp; A Asec ficou no empate, em 2 a 2, com a equipe de Jo\u00e3o Alfredo, pela quarta&hellip;<\/p>\n","protected":false},"author":1,"featured_media":0,"comment_status":"open","ping_status":"open","sticky":false,"template":"","format":"standard","meta":{"footnotes":""},"categories":[1],"tags":[2,3],"class_list":["post-1238","post","type-post","status-publish","format-standard","hentry","category-sem-categoria","tag-blog-do-edvaldo-magalhaes","tag-futebol"],"_links":{"self":[{"href":"https:\/\/blogdoedvaldomagalhaes.com.br\/index.php\/wp-json\/wp\/v2\/posts\/1238","targetHints":{"allow":["GET"]}}],"collection":[{"href":"https:\/\/blogdoedvaldomagalhaes.com.br\/index.php\/wp-json\/wp\/v2\/posts"}],"about":[{"href":"https:\/\/blogdoedvaldomagalhaes.com.br\/index.php\/wp-json\/wp\/v2\/types\/post"}],"author":[{"embeddable":true,"href":"https:\/\/blogdoedvaldomagalhaes.com.br\/index.php\/wp-json\/wp\/v2\/users\/1"}],"replies":[{"embeddable":true,"href":"https:\/\/blogdoedvaldomagalhaes.com.br\/index.php\/wp-json\/wp\/v2\/comments?post=1238"}],"version-history":[{"count":1,"href":"https:\/\/blogdoedvaldomagalhaes.com.br\/index.php\/wp-json\/wp\/v2\/posts\/1238\/revisions"}],"predecessor-version":[{"id":34278,"href":"https:\/\/blogdoedvaldomagalhaes.com.br\/index.php\/wp-json\/wp\/v2\/posts\/1238\/revisions\/34278"}],"wp:attachment":[{"href":"https:\/\/blogdoedvaldomagalhaes.com.br\/index.php\/wp-json\/wp\/v2\/media?parent=1238"}],"wp:term":[{"taxonomy":"category","embeddable":true,"href":"https:\/\/blogdoedvaldomagalhaes.com.br\/index.php\/wp-json\/wp\/v2\/categories?post=1238"},{"taxonomy":"post_tag","embeddable":true,"href":"https:\/\/blogdoedvaldomagalhaes.com.br\/index.php\/wp-json\/wp\/v2\/tags?post=1238"}],"curies":[{"name":"wp","href":"https:\/\/api.w.org\/{rel}","templated":true}]}}