{"id":123799,"date":"2025-10-14T20:39:45","date_gmt":"2025-10-14T23:39:45","guid":{"rendered":"https:\/\/blogdoedvaldomagalhaes.com.br\/?p=123799"},"modified":"2025-10-14T20:40:50","modified_gmt":"2025-10-14T23:40:50","slug":"amc-promove-capacitacao-para-os-novos-agentes-de-transito","status":"publish","type":"post","link":"https:\/\/blogdoedvaldomagalhaes.com.br\/index.php\/2025\/10\/14\/amc-promove-capacitacao-para-os-novos-agentes-de-transito\/","title":{"rendered":"AMC promove capacita\u00e7\u00e3o para os novos Agentes de Tr\u00e2nsito"},"content":{"rendered":"<p>A Autarquia de Mobilidade (AMC), promoveu uma capacita\u00e7\u00e3o para os novos Agentes de Tr\u00e2nsito do munic\u00edpio. <\/p>\n<p>O Curso para Operador de SPARK e Instrumentos de Menor Potencial Ofensivo abordou t\u00e9cnicas e procedimentos sobre o uso de instrumento el\u00e9trico incapacitante, sprays, tonfas e algemas, seguindo a legisla\u00e7\u00e3o em vigor.  <\/p>\n<p>&#8220;Caruaru segue investindo em seguran\u00e7a vi\u00e1ria e mobilidade urbana. No \u00faltimo dia 18 de setembro, 39 novos Agentes de Tr\u00e2nsito foram empossados pelo prefeito Rodrigo Pinheiro. Agora, estes servidores passam por essa capacita\u00e7\u00e3o visando estarem mais preparados para atender \u00e0 popula\u00e7\u00e3o de Caruaru&#8221;, enfatizou o presidente da Autarquia de Mobilidade de Caruaru, Coronel Edson N\u00f3brega.<br \/>\nSiga o Instagram @portaledvaldomagalhaes<br \/>\nFotos: Jorge Farias\/Secom PMC<\/p>\n","protected":false},"excerpt":{"rendered":"<p>A Autarquia de Mobilidade (AMC), promoveu uma capacita\u00e7\u00e3o para os novos Agentes de Tr\u00e2nsito do munic\u00edpio. O Curso para Operador&hellip;<\/p>\n","protected":false},"author":1,"featured_media":123800,"comment_status":"closed","ping_status":"open","sticky":false,"template":"","format":"standard","meta":{"footnotes":""},"categories":[14120],"tags":[34985,13146,34634],"class_list":["post-123799","post","type-post","status-publish","format-standard","has-post-thumbnail","hentry","category-noticias","tag-amc-promove-capacitacao-para-os-novos-agentes-de-transito","tag-blog-edvaldo-magalhaes","tag-portal-edvaldo-magalhaes"],"_links":{"self":[{"href":"https:\/\/blogdoedvaldomagalhaes.com.br\/index.php\/wp-json\/wp\/v2\/posts\/123799","targetHints":{"allow":["GET"]}}],"collection":[{"href":"https:\/\/blogdoedvaldomagalhaes.com.br\/index.php\/wp-json\/wp\/v2\/posts"}],"about":[{"href":"https:\/\/blogdoedvaldomagalhaes.com.br\/index.php\/wp-json\/wp\/v2\/types\/post"}],"author":[{"embeddable":true,"href":"https:\/\/blogdoedvaldomagalhaes.com.br\/index.php\/wp-json\/wp\/v2\/users\/1"}],"replies":[{"embeddable":true,"href":"https:\/\/blogdoedvaldomagalhaes.com.br\/index.php\/wp-json\/wp\/v2\/comments?post=123799"}],"version-history":[{"count":1,"href":"https:\/\/blogdoedvaldomagalhaes.com.br\/index.php\/wp-json\/wp\/v2\/posts\/123799\/revisions"}],"predecessor-version":[{"id":123801,"href":"https:\/\/blogdoedvaldomagalhaes.com.br\/index.php\/wp-json\/wp\/v2\/posts\/123799\/revisions\/123801"}],"wp:featuredmedia":[{"embeddable":true,"href":"https:\/\/blogdoedvaldomagalhaes.com.br\/index.php\/wp-json\/wp\/v2\/media\/123800"}],"wp:attachment":[{"href":"https:\/\/blogdoedvaldomagalhaes.com.br\/index.php\/wp-json\/wp\/v2\/media?parent=123799"}],"wp:term":[{"taxonomy":"category","embeddable":true,"href":"https:\/\/blogdoedvaldomagalhaes.com.br\/index.php\/wp-json\/wp\/v2\/categories?post=123799"},{"taxonomy":"post_tag","embeddable":true,"href":"https:\/\/blogdoedvaldomagalhaes.com.br\/index.php\/wp-json\/wp\/v2\/tags?post=123799"}],"curies":[{"name":"wp","href":"https:\/\/api.w.org\/{rel}","templated":true}]}}