{"id":123796,"date":"2025-10-14T20:34:38","date_gmt":"2025-10-14T23:34:38","guid":{"rendered":"https:\/\/blogdoedvaldomagalhaes.com.br\/?p=123796"},"modified":"2025-10-14T20:34:38","modified_gmt":"2025-10-14T23:34:38","slug":"manutencao-na-rede-de-saneamento-exigira-a-interdicao-parcial-de-ruas-proximas-ao-patio-de-eventos","status":"publish","type":"post","link":"https:\/\/blogdoedvaldomagalhaes.com.br\/index.php\/2025\/10\/14\/manutencao-na-rede-de-saneamento-exigira-a-interdicao-parcial-de-ruas-proximas-ao-patio-de-eventos\/","title":{"rendered":"Manuten\u00e7\u00e3o na rede de saneamento exigir\u00e1 a interdi\u00e7\u00e3o parcial de ruas pr\u00f3ximas ao P\u00e1tio de Eventos"},"content":{"rendered":"<p>A Secretaria de Infraestrutura Urbana e Obras (Siurb), realizar\u00e1, nesta quarta-feira (15.10), a troca de parte da tubula\u00e7\u00e3o da rede de saneamento que passa no cruzamento entre as ruas Manoel Surubim e Jo\u00e3o Tavares, no bairro Nossa Senhora das Dores (pr\u00f3ximo ao P\u00e1tio de Eventos). E, para que os trabalhos sejam executados, ser\u00e1 preciso interditar parcialmente as vias.<\/p>\n<p>Os trabalhos no local iniciar\u00e3o pela manh\u00e3 e ser\u00e3o executados no decorrer de todo o dia. Durante o per\u00edodo de interdi\u00e7\u00e3o, o fluxo de ve\u00edculos ser\u00e1 desviado conforme as seguintes orienta\u00e7\u00f5es:<\/p>\n<p>Ve\u00edculos vindos da Rua Jo\u00e3o Tavares, sentido bairro do Salgado, ser\u00e3o direcionados \u00e0 esquerda na Rua Evaristo da Veiga e, em seguida, \u00e0 direita na Rua Raimundo de Morais. Ve\u00edculos vindos da Rua Agnelo Dias Vidal, sentido Rua Belmiro, ser\u00e3o desviados \u00e0 frente, na Rua Filemon Bastos de Oliveira.<\/p>\n<p>A previs\u00e3o \u00e9 que os trabalhos sejam conclu\u00eddos ainda na quarta-feira (15). A Autarquia de Mobilidade de Caruaru (AMC) estar\u00e1 com agentes de tr\u00e2nsito no local, no decorrer de todo o dia, orientando os motoristas.<br \/>\nSeja seguidor do Instagram @portaledvaldomagalhaes<br \/>\nMapa: Divulga\u00e7\u00e3o <\/p>\n","protected":false},"excerpt":{"rendered":"<p>A Secretaria de Infraestrutura Urbana e Obras (Siurb), realizar\u00e1, nesta quarta-feira (15.10), a troca de parte da tubula\u00e7\u00e3o da rede&hellip;<\/p>\n","protected":false},"author":1,"featured_media":123797,"comment_status":"closed","ping_status":"open","sticky":false,"template":"","format":"standard","meta":{"footnotes":""},"categories":[14120],"tags":[13146,34984,34634],"class_list":["post-123796","post","type-post","status-publish","format-standard","has-post-thumbnail","hentry","category-noticias","tag-blog-edvaldo-magalhaes","tag-manutencao-na-rede-de-saneamento-exigira-a-interdicao-parcial-de-ruas-proximas-ao-patio-de-eventos","tag-portal-edvaldo-magalhaes"],"_links":{"self":[{"href":"https:\/\/blogdoedvaldomagalhaes.com.br\/index.php\/wp-json\/wp\/v2\/posts\/123796","targetHints":{"allow":["GET"]}}],"collection":[{"href":"https:\/\/blogdoedvaldomagalhaes.com.br\/index.php\/wp-json\/wp\/v2\/posts"}],"about":[{"href":"https:\/\/blogdoedvaldomagalhaes.com.br\/index.php\/wp-json\/wp\/v2\/types\/post"}],"author":[{"embeddable":true,"href":"https:\/\/blogdoedvaldomagalhaes.com.br\/index.php\/wp-json\/wp\/v2\/users\/1"}],"replies":[{"embeddable":true,"href":"https:\/\/blogdoedvaldomagalhaes.com.br\/index.php\/wp-json\/wp\/v2\/comments?post=123796"}],"version-history":[{"count":1,"href":"https:\/\/blogdoedvaldomagalhaes.com.br\/index.php\/wp-json\/wp\/v2\/posts\/123796\/revisions"}],"predecessor-version":[{"id":123798,"href":"https:\/\/blogdoedvaldomagalhaes.com.br\/index.php\/wp-json\/wp\/v2\/posts\/123796\/revisions\/123798"}],"wp:featuredmedia":[{"embeddable":true,"href":"https:\/\/blogdoedvaldomagalhaes.com.br\/index.php\/wp-json\/wp\/v2\/media\/123797"}],"wp:attachment":[{"href":"https:\/\/blogdoedvaldomagalhaes.com.br\/index.php\/wp-json\/wp\/v2\/media?parent=123796"}],"wp:term":[{"taxonomy":"category","embeddable":true,"href":"https:\/\/blogdoedvaldomagalhaes.com.br\/index.php\/wp-json\/wp\/v2\/categories?post=123796"},{"taxonomy":"post_tag","embeddable":true,"href":"https:\/\/blogdoedvaldomagalhaes.com.br\/index.php\/wp-json\/wp\/v2\/tags?post=123796"}],"curies":[{"name":"wp","href":"https:\/\/api.w.org\/{rel}","templated":true}]}}