{"id":123793,"date":"2025-10-14T20:26:28","date_gmt":"2025-10-14T23:26:28","guid":{"rendered":"https:\/\/blogdoedvaldomagalhaes.com.br\/?p=123793"},"modified":"2025-10-14T20:26:28","modified_gmt":"2025-10-14T23:26:28","slug":"prefeito-rodrigo-pinheiro-visita-obras-em-execucao-no-jose-liberato-e-no-indianopolis","status":"publish","type":"post","link":"https:\/\/blogdoedvaldomagalhaes.com.br\/index.php\/2025\/10\/14\/prefeito-rodrigo-pinheiro-visita-obras-em-execucao-no-jose-liberato-e-no-indianopolis\/","title":{"rendered":"Prefeito Rodrigo Pinheiro visita obras em execu\u00e7\u00e3o no Jos\u00e9 Liberato e no Indian\u00f3polis"},"content":{"rendered":"<p>O prefeito de Caruaru, Rodrigo Pinheiro, e a vice-prefeita, Dayse Silva, visitaram, na manh\u00e3 desta ter\u00e7a (14), importantes obras em execu\u00e7\u00e3o no munic\u00edpio. As visitas aconteceram nos bairros Deputado Jos\u00e9 Ant\u00f4nio Liberato e Indian\u00f3polis e serviram para acompanhar, de perto, o trabalho que est\u00e1 sendo realizado pela Secretaria Executiva de Infraestrutura Urbana e Obras (Siurb). O secret\u00e1rio de Articula\u00e7\u00e3o Pol\u00edtica, Anderson Luiz, o de Infraestrutura Urbana e Obras, Andrews Melo, o de Comunica\u00e7\u00e3o, Thiago Azevedo, o de Governo e Rela\u00e7\u00f5es Institucionais, Givan Calado, e o presidente da C\u00e2mara Municipal de Caruaru, Bruno Lambreta, tamb\u00e9m estiveram presentes. <\/p>\n<p>A s\u00e9rie de visitas come\u00e7ou pelo bairro Deputado Jos\u00e9 Ant\u00f4nio Liberato. Por l\u00e1, a comitiva acompanhou o avan\u00e7o nas obras de cal\u00e7amento da Avenida Berna &#8211; importante via que recebeu todo o sistema de drenagem, onde foram constru\u00eddas cal\u00e7adas (com acessibilidade) e que, agora, est\u00e1 recebendo a pavimenta\u00e7\u00e3o, com blocos intertravados. <\/p>\n<p>Na sequ\u00eancia, o prefeito seguiu para a Rua Rita Flor\u00eancio Cavalcante. A via est\u00e1 na reta final de pavimenta\u00e7\u00e3o. E, assim como a Avenida Berna, tamb\u00e9m recebeu diferentes melhorias, antes da implanta\u00e7\u00e3o do cal\u00e7amento. A perspectiva \u00e9 que as interven\u00e7\u00f5es no local sejam conclu\u00eddas nos pr\u00f3ximos dias e, ap\u00f3s o per\u00edodo de cura, a passagem de ve\u00edculos seja liberada. <\/p>\n<p>O grupo ainda visitou as obras realizadas na Rua da Gaia, voltadas, inicialmente, para implanta\u00e7\u00e3o do sistema de drenagem e de constru\u00e7\u00e3o das cal\u00e7adas. Posteriormente, a localidade tamb\u00e9m ir\u00e1 receber a pavimenta\u00e7\u00e3o. Somadas, as interven\u00e7\u00f5es levar\u00e3o mais infraestrutura e qualidade de vida para a comunidade. <\/p>\n<p>Em seguida, a comitiva liderada pelo prefeito Rodrigo Pinheiro visitou as obras de constru\u00e7\u00e3o do Centro de Aten\u00e7\u00e3o Psicossocial Infantil (CAPS i), popularmente conhecido como \u201cCAPS Infantil\u201d, no Indian\u00f3polis. E se deparou com uma obra que avan\u00e7a, semana ap\u00f3s semana. E que, em breve, garantir\u00e1 ainda mais estrutura de atendimento e suporte para crian\u00e7as e adolescentes caruaruenses.<\/p>\n<p>\u201cOs investimentos que temos feito em infraestrutura no nosso munic\u00edpio acompanham tamb\u00e9m os que est\u00e3o sendo realizados pelo setor privado. Depois de uma avenida como esta completamente cal\u00e7ada [Avenida Berna], al\u00e9m da mobilidade, estamos promovendo a interliga\u00e7\u00e3o entre os bairros, conex\u00e3o que ajuda, inclusive, na seguran\u00e7a. Infraestrutura completa. Esse \u00e9 o programa Minha Rua Nova\u201d, destaca o prefeito Rodrigo Pinheiro.<br \/>\nSiga o Instagram @portaledvaldomagalhaes<br \/>\nFoto: Rafael Moreira <\/p>\n","protected":false},"excerpt":{"rendered":"<p>O prefeito de Caruaru, Rodrigo Pinheiro, e a vice-prefeita, Dayse Silva, visitaram, na manh\u00e3 desta ter\u00e7a (14), importantes obras em&hellip;<\/p>\n","protected":false},"author":1,"featured_media":123794,"comment_status":"closed","ping_status":"open","sticky":false,"template":"","format":"standard","meta":{"footnotes":""},"categories":[14122],"tags":[13146,20,34634,34983],"class_list":["post-123793","post","type-post","status-publish","format-standard","has-post-thumbnail","hentry","category-politica","tag-blog-edvaldo-magalhaes","tag-politica","tag-portal-edvaldo-magalhaes","tag-prefeito-rodrigo-pinheiro-visita-obras-em-execucao-no-jose-liberato-e-no-indianopolis"],"_links":{"self":[{"href":"https:\/\/blogdoedvaldomagalhaes.com.br\/index.php\/wp-json\/wp\/v2\/posts\/123793","targetHints":{"allow":["GET"]}}],"collection":[{"href":"https:\/\/blogdoedvaldomagalhaes.com.br\/index.php\/wp-json\/wp\/v2\/posts"}],"about":[{"href":"https:\/\/blogdoedvaldomagalhaes.com.br\/index.php\/wp-json\/wp\/v2\/types\/post"}],"author":[{"embeddable":true,"href":"https:\/\/blogdoedvaldomagalhaes.com.br\/index.php\/wp-json\/wp\/v2\/users\/1"}],"replies":[{"embeddable":true,"href":"https:\/\/blogdoedvaldomagalhaes.com.br\/index.php\/wp-json\/wp\/v2\/comments?post=123793"}],"version-history":[{"count":1,"href":"https:\/\/blogdoedvaldomagalhaes.com.br\/index.php\/wp-json\/wp\/v2\/posts\/123793\/revisions"}],"predecessor-version":[{"id":123795,"href":"https:\/\/blogdoedvaldomagalhaes.com.br\/index.php\/wp-json\/wp\/v2\/posts\/123793\/revisions\/123795"}],"wp:featuredmedia":[{"embeddable":true,"href":"https:\/\/blogdoedvaldomagalhaes.com.br\/index.php\/wp-json\/wp\/v2\/media\/123794"}],"wp:attachment":[{"href":"https:\/\/blogdoedvaldomagalhaes.com.br\/index.php\/wp-json\/wp\/v2\/media?parent=123793"}],"wp:term":[{"taxonomy":"category","embeddable":true,"href":"https:\/\/blogdoedvaldomagalhaes.com.br\/index.php\/wp-json\/wp\/v2\/categories?post=123793"},{"taxonomy":"post_tag","embeddable":true,"href":"https:\/\/blogdoedvaldomagalhaes.com.br\/index.php\/wp-json\/wp\/v2\/tags?post=123793"}],"curies":[{"name":"wp","href":"https:\/\/api.w.org\/{rel}","templated":true}]}}