{"id":123790,"date":"2025-10-14T20:16:30","date_gmt":"2025-10-14T23:16:30","guid":{"rendered":"https:\/\/blogdoedvaldomagalhaes.com.br\/?p=123790"},"modified":"2025-10-14T20:16:30","modified_gmt":"2025-10-14T23:16:30","slug":"caruaru-realizara-acao-do-outubro-verde-com-foco-na-prevencao-e-diagnostico-da-sifilis","status":"publish","type":"post","link":"https:\/\/blogdoedvaldomagalhaes.com.br\/index.php\/2025\/10\/14\/caruaru-realizara-acao-do-outubro-verde-com-foco-na-prevencao-e-diagnostico-da-sifilis\/","title":{"rendered":"Caruaru realizar\u00e1 a\u00e7\u00e3o do Outubro Verde com foco na preven\u00e7\u00e3o e diagn\u00f3stico da s\u00edfilis"},"content":{"rendered":"<p>A Secretaria Municipal de Sa\u00fade (SMS), realizar\u00e1, nesta sexta-feira (17.10), das 8h \u00e0s 12h, uma a\u00e7\u00e3o especial do Outubro Verde, na Via Parque, em frente ao INSS. A iniciativa tem como objetivo conscientizar a popula\u00e7\u00e3o sobre a s\u00edfilis e a s\u00edfilis cong\u00eanita, refor\u00e7ando a import\u00e2ncia do diagn\u00f3stico precoce, da preven\u00e7\u00e3o e do tratamento adequado.<\/p>\n<p>Durante a a\u00e7\u00e3o, ser\u00e3o oferecidos servi\u00e7os gratuitos, incluindo acolhimento e aconselhamento de risco para infec\u00e7\u00f5es sexualmente transmiss\u00edveis (ISTs), testes r\u00e1pidos de s\u00edfilis, hepatites e HIV no \u00d4nibus da Preven\u00e7\u00e3o, pr\u00e1ticas integrativas como auriculoterapia e ventosaterapia, e avalia\u00e7\u00e3o bucal para identifica\u00e7\u00e3o de poss\u00edveis les\u00f5es caracter\u00edsticas da doen\u00e7a. A proposta do evento \u00e9 ampliar o acesso \u00e0 informa\u00e7\u00e3o e aos cuidados em sa\u00fade, promovendo a detec\u00e7\u00e3o precoce e o encaminhamento para tratamento nos servi\u00e7os de refer\u00eancia do munic\u00edpio.<\/p>\n<p>\u201cEssa a\u00e7\u00e3o \u00e9 fundamental para a preven\u00e7\u00e3o e detec\u00e7\u00e3o precoce da s\u00edfilis e outras ISTs. Com testes r\u00e1pidos, orienta\u00e7\u00f5es e encaminhamentos, garantimos cuidado seguro e evitamos a transmiss\u00e3o da doen\u00e7a, especialmente a cong\u00eanita\u201d, disse a secret\u00e1ria executiva da Aten\u00e7\u00e3o Especializada de Caruaru, Karla Gomes.<br \/>\nSeja seguidor do Instagram @portaledvaldomagalhaes<br \/>\nFoto: Divulga\u00e7\u00e3o <\/p>\n","protected":false},"excerpt":{"rendered":"<p>A Secretaria Municipal de Sa\u00fade (SMS), realizar\u00e1, nesta sexta-feira (17.10), das 8h \u00e0s 12h, uma a\u00e7\u00e3o especial do Outubro Verde,&hellip;<\/p>\n","protected":false},"author":1,"featured_media":123791,"comment_status":"closed","ping_status":"open","sticky":false,"template":"","format":"standard","meta":{"footnotes":""},"categories":[14120],"tags":[13146,34982,34634],"class_list":["post-123790","post","type-post","status-publish","format-standard","has-post-thumbnail","hentry","category-noticias","tag-blog-edvaldo-magalhaes","tag-caruaru-realizara-acao-do-outubro-verde-com-foco-na-prevencao-e-diagnostico-da-sifilis","tag-portal-edvaldo-magalhaes"],"_links":{"self":[{"href":"https:\/\/blogdoedvaldomagalhaes.com.br\/index.php\/wp-json\/wp\/v2\/posts\/123790","targetHints":{"allow":["GET"]}}],"collection":[{"href":"https:\/\/blogdoedvaldomagalhaes.com.br\/index.php\/wp-json\/wp\/v2\/posts"}],"about":[{"href":"https:\/\/blogdoedvaldomagalhaes.com.br\/index.php\/wp-json\/wp\/v2\/types\/post"}],"author":[{"embeddable":true,"href":"https:\/\/blogdoedvaldomagalhaes.com.br\/index.php\/wp-json\/wp\/v2\/users\/1"}],"replies":[{"embeddable":true,"href":"https:\/\/blogdoedvaldomagalhaes.com.br\/index.php\/wp-json\/wp\/v2\/comments?post=123790"}],"version-history":[{"count":1,"href":"https:\/\/blogdoedvaldomagalhaes.com.br\/index.php\/wp-json\/wp\/v2\/posts\/123790\/revisions"}],"predecessor-version":[{"id":123792,"href":"https:\/\/blogdoedvaldomagalhaes.com.br\/index.php\/wp-json\/wp\/v2\/posts\/123790\/revisions\/123792"}],"wp:featuredmedia":[{"embeddable":true,"href":"https:\/\/blogdoedvaldomagalhaes.com.br\/index.php\/wp-json\/wp\/v2\/media\/123791"}],"wp:attachment":[{"href":"https:\/\/blogdoedvaldomagalhaes.com.br\/index.php\/wp-json\/wp\/v2\/media?parent=123790"}],"wp:term":[{"taxonomy":"category","embeddable":true,"href":"https:\/\/blogdoedvaldomagalhaes.com.br\/index.php\/wp-json\/wp\/v2\/categories?post=123790"},{"taxonomy":"post_tag","embeddable":true,"href":"https:\/\/blogdoedvaldomagalhaes.com.br\/index.php\/wp-json\/wp\/v2\/tags?post=123790"}],"curies":[{"name":"wp","href":"https:\/\/api.w.org\/{rel}","templated":true}]}}