{"id":123787,"date":"2025-10-14T20:10:58","date_gmt":"2025-10-14T23:10:58","guid":{"rendered":"https:\/\/blogdoedvaldomagalhaes.com.br\/?p=123787"},"modified":"2025-10-14T20:10:58","modified_gmt":"2025-10-14T23:10:58","slug":"escola-da-rede-municipal-de-caruaru-e-a-unica-instituicao-de-pernambuco-classificada-na-3a-olimpiada-mundial-de-conhecimentos-diplomaticos","status":"publish","type":"post","link":"https:\/\/blogdoedvaldomagalhaes.com.br\/index.php\/2025\/10\/14\/escola-da-rede-municipal-de-caruaru-e-a-unica-instituicao-de-pernambuco-classificada-na-3a-olimpiada-mundial-de-conhecimentos-diplomaticos\/","title":{"rendered":"Escola da Rede Municipal de Caruaru \u00e9 a \u00fanica institui\u00e7\u00e3o de Pernambuco classificada na 3\u00aa Olimp\u00edada Mundial de Conhecimentos Diplom\u00e1ticos"},"content":{"rendered":"<p>A Secretaria de Educa\u00e7\u00e3o de Caruaru celebra mais uma conquista da Rede Municipal de Ensino. A Escola em Tempo Integral, Irm\u00e3 Ceciliana Gross, garantiu vaga na 3\u00aa Olimp\u00edada Mundial de Conhecimentos Diplom\u00e1ticos (MundIAL), que acontece na pr\u00f3xima quinta-feira (16), em S\u00e3o Paulo.<\/p>\n<p>A institui\u00e7\u00e3o de ensino foi a \u00fanica escola da rede p\u00fablica e privada classificada no estado de Pernambuco. Ao todo, tr\u00eas equipes, cada uma com cinco participantes, foram selecionadas, sendo uma com medalha de prata e as outras duas com bronze. <\/p>\n<p>Caso os estudantes passem na pr\u00f3xima etapa, que acontecer\u00e1 na capital paulista, eles poder\u00e3o disputar a etapa final nos Estados Unidos.<\/p>\n<p>&#8220;Momento de alegria e fortalecimento da nossa Rede Municipal de Ensino, onde \u00e9 poss\u00edvel ver a dedica\u00e7\u00e3o, esfor\u00e7o e total empenho de todos os envolvidos, como os alunos e professores. Independente do resultado final, a Escola Ceciliana j\u00e1 \u00e9 uma vitoriosa, afinal, foi a \u00fanica institui\u00e7\u00e3o classificada de Pernambuco&#8221;, afirmou o secret\u00e1rio Executivo de Educa\u00e7\u00e3o, L\u00facio Farias.<\/p>\n<p>*Olimp\u00edada MundIAL*<\/p>\n<p>\u00c9 uma Olimp\u00edada Virtual de Conhecimentos Diplom\u00e1ticos, organizada por institui\u00e7\u00f5es que promovem o entendimento das rela\u00e7\u00f5es internacionais, a diplomacia e a resolu\u00e7\u00e3o de problemas globais entre estudantes de 14 a 18 anos. O evento inclui avalia\u00e7\u00f5es sobre temas como Pol\u00edtica Internacional, Direitos Humanos, Atualidade e Ci\u00eancia Pol\u00edtica.<br \/>\nSiga o Instagram @portaledvaldomagalhaes<br \/>\nFoto: Rafael Moreira <\/p>\n","protected":false},"excerpt":{"rendered":"<p>A Secretaria de Educa\u00e7\u00e3o de Caruaru celebra mais uma conquista da Rede Municipal de Ensino. A Escola em Tempo Integral,&hellip;<\/p>\n","protected":false},"author":1,"featured_media":123788,"comment_status":"closed","ping_status":"open","sticky":false,"template":"","format":"standard","meta":{"footnotes":""},"categories":[14120],"tags":[13146,34981,34634],"class_list":["post-123787","post","type-post","status-publish","format-standard","has-post-thumbnail","hentry","category-noticias","tag-blog-edvaldo-magalhaes","tag-escola-da-rede-municipal-de-caruaru-e-a-unica-instituicao-de-pernambuco-classificada-na-3a-olimpiada-mundial-de-conhecimentos-diplomaticos","tag-portal-edvaldo-magalhaes"],"_links":{"self":[{"href":"https:\/\/blogdoedvaldomagalhaes.com.br\/index.php\/wp-json\/wp\/v2\/posts\/123787","targetHints":{"allow":["GET"]}}],"collection":[{"href":"https:\/\/blogdoedvaldomagalhaes.com.br\/index.php\/wp-json\/wp\/v2\/posts"}],"about":[{"href":"https:\/\/blogdoedvaldomagalhaes.com.br\/index.php\/wp-json\/wp\/v2\/types\/post"}],"author":[{"embeddable":true,"href":"https:\/\/blogdoedvaldomagalhaes.com.br\/index.php\/wp-json\/wp\/v2\/users\/1"}],"replies":[{"embeddable":true,"href":"https:\/\/blogdoedvaldomagalhaes.com.br\/index.php\/wp-json\/wp\/v2\/comments?post=123787"}],"version-history":[{"count":1,"href":"https:\/\/blogdoedvaldomagalhaes.com.br\/index.php\/wp-json\/wp\/v2\/posts\/123787\/revisions"}],"predecessor-version":[{"id":123789,"href":"https:\/\/blogdoedvaldomagalhaes.com.br\/index.php\/wp-json\/wp\/v2\/posts\/123787\/revisions\/123789"}],"wp:featuredmedia":[{"embeddable":true,"href":"https:\/\/blogdoedvaldomagalhaes.com.br\/index.php\/wp-json\/wp\/v2\/media\/123788"}],"wp:attachment":[{"href":"https:\/\/blogdoedvaldomagalhaes.com.br\/index.php\/wp-json\/wp\/v2\/media?parent=123787"}],"wp:term":[{"taxonomy":"category","embeddable":true,"href":"https:\/\/blogdoedvaldomagalhaes.com.br\/index.php\/wp-json\/wp\/v2\/categories?post=123787"},{"taxonomy":"post_tag","embeddable":true,"href":"https:\/\/blogdoedvaldomagalhaes.com.br\/index.php\/wp-json\/wp\/v2\/tags?post=123787"}],"curies":[{"name":"wp","href":"https:\/\/api.w.org\/{rel}","templated":true}]}}