{"id":123781,"date":"2025-10-14T19:53:33","date_gmt":"2025-10-14T22:53:33","guid":{"rendered":"https:\/\/blogdoedvaldomagalhaes.com.br\/?p=123781"},"modified":"2025-10-14T19:53:33","modified_gmt":"2025-10-14T22:53:33","slug":"dia-rosa-secretaria-da-mulher-de-caruaru-realiza-programacao-com-servicos-gratuitos-de-saude-e-cidadania","status":"publish","type":"post","link":"https:\/\/blogdoedvaldomagalhaes.com.br\/index.php\/2025\/10\/14\/dia-rosa-secretaria-da-mulher-de-caruaru-realiza-programacao-com-servicos-gratuitos-de-saude-e-cidadania\/","title":{"rendered":"Dia Rosa: Secretaria da Mulher de Caruaru realiza programa\u00e7\u00e3o com servi\u00e7os gratuitos de sa\u00fade e cidadania"},"content":{"rendered":"<p>A Secretaria da Mulher, em parceria com as demais secretarias municipais, realizar\u00e1, nesta quarta-feira (15), uma grande a\u00e7\u00e3o em alus\u00e3o ao Outubro Rosa. O evento acontecer\u00e1 de 8h \u00e0s 15h, na sede da Secretaria da Mulher, com servi\u00e7os gratuitos de sa\u00fade, bem-estar, autocuidado e cidadania.<\/p>\n<p>Durante toda a programa\u00e7\u00e3o, ser\u00e3o oferecidos exames cl\u00ednicos das mamas, encaminhamentos para mamografia, citologias pr\u00e9-agendadas, auriculoterapia, atividades f\u00edsicas e aul\u00e3o de dan\u00e7a, al\u00e9m de orienta\u00e7\u00f5es jur\u00eddicas, design de sobrancelhas, esmalta\u00e7\u00e3o, corte de cabelo e exames de vista. O p\u00fablico tamb\u00e9m poder\u00e1 participar de palestras inspiradoras promovidas pela OAB Caruaru. <\/p>\n<p>O evento tamb\u00e9m contar\u00e1 com a participa\u00e7\u00e3o do Projeto Qualidade de Vida, que incentiva a pr\u00e1tica de exerc\u00edcios f\u00edsicos e o bem-estar. Ao longo do dia, profissionais de sa\u00fade estar\u00e3o dispon\u00edveis para atendimentos e orienta\u00e7\u00f5es sobre pr\u00e1ticas preventivas e acesso aos servi\u00e7os p\u00fablicos.<br \/>\nSeja seguidor do Instagram @portaledvaldomagalhaes<\/p>\n","protected":false},"excerpt":{"rendered":"<p>A Secretaria da Mulher, em parceria com as demais secretarias municipais, realizar\u00e1, nesta quarta-feira (15), uma grande a\u00e7\u00e3o em alus\u00e3o&hellip;<\/p>\n","protected":false},"author":1,"featured_media":123782,"comment_status":"closed","ping_status":"open","sticky":false,"template":"","format":"standard","meta":{"footnotes":""},"categories":[14120],"tags":[13146,34978,34634],"class_list":["post-123781","post","type-post","status-publish","format-standard","has-post-thumbnail","hentry","category-noticias","tag-blog-edvaldo-magalhaes","tag-dia-rosa-secretaria-da-mulher-de-caruaru-realiza-programacao-com-servicos-gratuitos-de-saude-e-cidadania","tag-portal-edvaldo-magalhaes"],"_links":{"self":[{"href":"https:\/\/blogdoedvaldomagalhaes.com.br\/index.php\/wp-json\/wp\/v2\/posts\/123781","targetHints":{"allow":["GET"]}}],"collection":[{"href":"https:\/\/blogdoedvaldomagalhaes.com.br\/index.php\/wp-json\/wp\/v2\/posts"}],"about":[{"href":"https:\/\/blogdoedvaldomagalhaes.com.br\/index.php\/wp-json\/wp\/v2\/types\/post"}],"author":[{"embeddable":true,"href":"https:\/\/blogdoedvaldomagalhaes.com.br\/index.php\/wp-json\/wp\/v2\/users\/1"}],"replies":[{"embeddable":true,"href":"https:\/\/blogdoedvaldomagalhaes.com.br\/index.php\/wp-json\/wp\/v2\/comments?post=123781"}],"version-history":[{"count":1,"href":"https:\/\/blogdoedvaldomagalhaes.com.br\/index.php\/wp-json\/wp\/v2\/posts\/123781\/revisions"}],"predecessor-version":[{"id":123783,"href":"https:\/\/blogdoedvaldomagalhaes.com.br\/index.php\/wp-json\/wp\/v2\/posts\/123781\/revisions\/123783"}],"wp:featuredmedia":[{"embeddable":true,"href":"https:\/\/blogdoedvaldomagalhaes.com.br\/index.php\/wp-json\/wp\/v2\/media\/123782"}],"wp:attachment":[{"href":"https:\/\/blogdoedvaldomagalhaes.com.br\/index.php\/wp-json\/wp\/v2\/media?parent=123781"}],"wp:term":[{"taxonomy":"category","embeddable":true,"href":"https:\/\/blogdoedvaldomagalhaes.com.br\/index.php\/wp-json\/wp\/v2\/categories?post=123781"},{"taxonomy":"post_tag","embeddable":true,"href":"https:\/\/blogdoedvaldomagalhaes.com.br\/index.php\/wp-json\/wp\/v2\/tags?post=123781"}],"curies":[{"name":"wp","href":"https:\/\/api.w.org\/{rel}","templated":true}]}}