{"id":123778,"date":"2025-10-14T18:36:21","date_gmt":"2025-10-14T21:36:21","guid":{"rendered":"https:\/\/blogdoedvaldomagalhaes.com.br\/?p=123778"},"modified":"2025-10-14T18:36:21","modified_gmt":"2025-10-14T21:36:21","slug":"novos-radares-comecam-a-operar-na-pe-160","status":"publish","type":"post","link":"https:\/\/blogdoedvaldomagalhaes.com.br\/index.php\/2025\/10\/14\/novos-radares-comecam-a-operar-na-pe-160\/","title":{"rendered":"Novos Radares Come\u00e7am a Operar na PE-160"},"content":{"rendered":"<p>Dois novos radares de fiscaliza\u00e7\u00e3o eletr\u00f4nica come\u00e7aram a operar em fase de teste na PE-160, no trecho entre Santa Cruz do Capibaribe e Jata\u00faba.<br \/>\nA instala\u00e7\u00e3o faz parte de um conjunto de a\u00e7\u00f5es do Governo do Estado voltadas para a seguran\u00e7a vi\u00e1ria e o ordenamento do tr\u00e2nsito, proporcionando condi\u00e7\u00f5es mais seguras para os motoristas que trafegam pela rodovia. <\/p>\n<p>Os radares instalados s\u00e3o do tipo fixo e utilizam tecnologia de sensor n\u00e3o intrusivo e sistema OCR (Reconhecimento \u00d3ptico de Caracteres), que garantem maior precis\u00e3o no controle da velocidade e na identifica\u00e7\u00e3o dos ve\u00edculos.<br \/>\nOs pontos de instala\u00e7\u00e3o dos radares s\u00e3o:<\/p>\n<p>PE-160, Km 06+900, em Santa Cruz do Capibaribe, sentido Jata\u00faba \u2013 limite de velocidade: 60 km\/h.<\/p>\n<p>PE-160, Km 06+990, em Santa Cruz do Capibaribe, sentido Toritama \u2013 limite de velocidade: 60 km\/h.<\/p>\n<p>Os dispositivos operam diariamente das 5h \u00e0s 22h. A fase de teste segue at\u00e9 a pr\u00f3xima sexta-feira, 17,  at\u00e9 ent\u00e3o  a fiscaliza\u00e7\u00e3o est\u00e1 sendo educativa, com o objetivo de alertar os condutores sobre a import\u00e2ncia do respeito aos limites de velocidade.<\/p>\n<p>O diretor-presidente do Departamento de Estradas e Rodagens (DER), Andr\u00e9 Fonseca, destacou a relev\u00e2ncia da instala\u00e7\u00e3o dos radares para a preven\u00e7\u00e3o de acidentes. &#8220;Nosso compromisso \u00e9 garantir que os condutores viajem com seguran\u00e7a. Por isso, al\u00e9m de manter a via em perfeitas condi\u00e7\u00f5es, nossa preocupa\u00e7\u00e3o \u00e9 que os motoristas sigam as leis de tr\u00e2nsito e cheguem ao seu destino com seguran\u00e7a. Ap\u00f3s um estudo de viabilidade, em comum acordo decidimos instalar os equipamentos como uma medida de prote\u00e7\u00e3o&#8221;, afirmou Fonseca.<\/p>\n<p>A instala\u00e7\u00e3o dos radares faz parte do projeto \u201cPE na Estrada\u201d, que inclui a restaura\u00e7\u00e3o de diversas rodovias estaduais. Recentemente, a via PE-160 passou por servi\u00e7os de conserva\u00e7\u00e3o em  57,74 km, com investimentos de R$ 1,5 milh\u00e3o. Atualmente, o estado conta com 39 obras em andamento, e at\u00e9 o final deste ano, 26 vias devem ser entregues.<br \/>\nSiga o Instagram @portaledvaldomagalhaes<br \/>\nFoto: Ascom\/DER-PE<\/p>\n","protected":false},"excerpt":{"rendered":"<p>Dois novos radares de fiscaliza\u00e7\u00e3o eletr\u00f4nica come\u00e7aram a operar em fase de teste na PE-160, no trecho entre Santa Cruz&hellip;<\/p>\n","protected":false},"author":1,"featured_media":123779,"comment_status":"closed","ping_status":"open","sticky":false,"template":"","format":"standard","meta":{"footnotes":""},"categories":[14120],"tags":[13146,34977,34634],"class_list":["post-123778","post","type-post","status-publish","format-standard","has-post-thumbnail","hentry","category-noticias","tag-blog-edvaldo-magalhaes","tag-novos-radares-comecam-a-operar-na-pe-160","tag-portal-edvaldo-magalhaes"],"_links":{"self":[{"href":"https:\/\/blogdoedvaldomagalhaes.com.br\/index.php\/wp-json\/wp\/v2\/posts\/123778","targetHints":{"allow":["GET"]}}],"collection":[{"href":"https:\/\/blogdoedvaldomagalhaes.com.br\/index.php\/wp-json\/wp\/v2\/posts"}],"about":[{"href":"https:\/\/blogdoedvaldomagalhaes.com.br\/index.php\/wp-json\/wp\/v2\/types\/post"}],"author":[{"embeddable":true,"href":"https:\/\/blogdoedvaldomagalhaes.com.br\/index.php\/wp-json\/wp\/v2\/users\/1"}],"replies":[{"embeddable":true,"href":"https:\/\/blogdoedvaldomagalhaes.com.br\/index.php\/wp-json\/wp\/v2\/comments?post=123778"}],"version-history":[{"count":1,"href":"https:\/\/blogdoedvaldomagalhaes.com.br\/index.php\/wp-json\/wp\/v2\/posts\/123778\/revisions"}],"predecessor-version":[{"id":123780,"href":"https:\/\/blogdoedvaldomagalhaes.com.br\/index.php\/wp-json\/wp\/v2\/posts\/123778\/revisions\/123780"}],"wp:featuredmedia":[{"embeddable":true,"href":"https:\/\/blogdoedvaldomagalhaes.com.br\/index.php\/wp-json\/wp\/v2\/media\/123779"}],"wp:attachment":[{"href":"https:\/\/blogdoedvaldomagalhaes.com.br\/index.php\/wp-json\/wp\/v2\/media?parent=123778"}],"wp:term":[{"taxonomy":"category","embeddable":true,"href":"https:\/\/blogdoedvaldomagalhaes.com.br\/index.php\/wp-json\/wp\/v2\/categories?post=123778"},{"taxonomy":"post_tag","embeddable":true,"href":"https:\/\/blogdoedvaldomagalhaes.com.br\/index.php\/wp-json\/wp\/v2\/tags?post=123778"}],"curies":[{"name":"wp","href":"https:\/\/api.w.org\/{rel}","templated":true}]}}