{"id":123774,"date":"2025-10-14T18:21:33","date_gmt":"2025-10-14T21:21:33","guid":{"rendered":"https:\/\/blogdoedvaldomagalhaes.com.br\/?p=123774"},"modified":"2025-10-14T18:21:33","modified_gmt":"2025-10-14T21:21:33","slug":"anderson-correia-acompanha-caso-de-maus-tratos-em-belo-jardim-e-solicita-abertura-de-inquerito-policial","status":"publish","type":"post","link":"https:\/\/blogdoedvaldomagalhaes.com.br\/index.php\/2025\/10\/14\/anderson-correia-acompanha-caso-de-maus-tratos-em-belo-jardim-e-solicita-abertura-de-inquerito-policial\/","title":{"rendered":"Anderson Correia acompanha caso de maus-tratos em Belo Jardim e solicita abertura de inqu\u00e9rito policial"},"content":{"rendered":"<p>O vereador, advogado animalista e pr\u00e9-candidato a deputado estadual Anderson Correia (PP\/UP) esteve nesta ter\u00e7a-feira (14) em Belo Jardim, onde acompanhou o caso de maus-tratos a um cachorro, ocorrido no \u00faltimo fim de semana, no bairro Frei Dami\u00e3o. O epis\u00f3dio envolveu um homem que supostamente teria for\u00e7ado o animal a entrar por uma brecha no port\u00e3o de uma resid\u00eancia, o que acabou resultando na morte do cachorro. O fato gerou grande como\u00e7\u00e3o entre os moradores e ampla repercuss\u00e3o nas redes sociais.<\/p>\n<p>Reconhecido como uma das principais refer\u00eancias em Pernambuco na luta contra os maus-tratos e na defesa dos direitos dos animais, Correia esteve na Delegacia de Pol\u00edcia Civil de Belo Jardim, onde solicitou a convers\u00e3o do boletim de ocorr\u00eancia registrado pelo vereador Edson Silva em inqu\u00e9rito policial, a fim de garantir a apura\u00e7\u00e3o dos fatos e a responsabiliza\u00e7\u00e3o do autor, conforme a Lei Sans\u00e3o (Lei n\u00ba 14.064\/2020). O procedimento agora seguir\u00e1 para instaura\u00e7\u00e3o do inqu\u00e9rito, com a realiza\u00e7\u00e3o das oitivas das partes envolvidas e demais dilig\u00eancias cab\u00edveis.<\/p>\n<p>\u201cCasos como esse n\u00e3o podem ser tratados com indiferen\u00e7a. A crueldade contra os animais \u00e9 crime e deve ser punida com o rigor da lei. A Lei Sans\u00e3o prev\u00ea at\u00e9 cinco anos de pris\u00e3o para quem pratica maus-tratos contra c\u00e3es e gatos, podendo chegar a seis anos quando o animal morre, como neste caso. Agrade\u00e7o ao vereador Edson Silva pela iniciativa de registrar o boletim de ocorr\u00eancia, e seguirei firme nessa luta pela prote\u00e7\u00e3o e pela dignidade dos animais de Pernambuco\u201d, destacou Correia.<br \/>\nSiga o Instagram @portaledvaldomagalhaes<br \/>\nFoto: Divulga\u00e7\u00e3o <\/p>\n","protected":false},"excerpt":{"rendered":"<p>O vereador, advogado animalista e pr\u00e9-candidato a deputado estadual Anderson Correia (PP\/UP) esteve nesta ter\u00e7a-feira (14) em Belo Jardim, onde&hellip;<\/p>\n","protected":false},"author":1,"featured_media":123775,"comment_status":"closed","ping_status":"open","sticky":false,"template":"","format":"standard","meta":{"footnotes":""},"categories":[14122],"tags":[34976,13146,20,34634],"class_list":["post-123774","post","type-post","status-publish","format-standard","has-post-thumbnail","hentry","category-politica","tag-anderson-correia-acompanha-caso-de-maus-tratos-em-belo-jardim-e-solicita-abertura-de-inquerito-policial","tag-blog-edvaldo-magalhaes","tag-politica","tag-portal-edvaldo-magalhaes"],"_links":{"self":[{"href":"https:\/\/blogdoedvaldomagalhaes.com.br\/index.php\/wp-json\/wp\/v2\/posts\/123774","targetHints":{"allow":["GET"]}}],"collection":[{"href":"https:\/\/blogdoedvaldomagalhaes.com.br\/index.php\/wp-json\/wp\/v2\/posts"}],"about":[{"href":"https:\/\/blogdoedvaldomagalhaes.com.br\/index.php\/wp-json\/wp\/v2\/types\/post"}],"author":[{"embeddable":true,"href":"https:\/\/blogdoedvaldomagalhaes.com.br\/index.php\/wp-json\/wp\/v2\/users\/1"}],"replies":[{"embeddable":true,"href":"https:\/\/blogdoedvaldomagalhaes.com.br\/index.php\/wp-json\/wp\/v2\/comments?post=123774"}],"version-history":[{"count":1,"href":"https:\/\/blogdoedvaldomagalhaes.com.br\/index.php\/wp-json\/wp\/v2\/posts\/123774\/revisions"}],"predecessor-version":[{"id":123776,"href":"https:\/\/blogdoedvaldomagalhaes.com.br\/index.php\/wp-json\/wp\/v2\/posts\/123774\/revisions\/123776"}],"wp:featuredmedia":[{"embeddable":true,"href":"https:\/\/blogdoedvaldomagalhaes.com.br\/index.php\/wp-json\/wp\/v2\/media\/123775"}],"wp:attachment":[{"href":"https:\/\/blogdoedvaldomagalhaes.com.br\/index.php\/wp-json\/wp\/v2\/media?parent=123774"}],"wp:term":[{"taxonomy":"category","embeddable":true,"href":"https:\/\/blogdoedvaldomagalhaes.com.br\/index.php\/wp-json\/wp\/v2\/categories?post=123774"},{"taxonomy":"post_tag","embeddable":true,"href":"https:\/\/blogdoedvaldomagalhaes.com.br\/index.php\/wp-json\/wp\/v2\/tags?post=123774"}],"curies":[{"name":"wp","href":"https:\/\/api.w.org\/{rel}","templated":true}]}}