{"id":123753,"date":"2025-10-13T15:20:44","date_gmt":"2025-10-13T18:20:44","guid":{"rendered":"https:\/\/blogdoedvaldomagalhaes.com.br\/?p=123753"},"modified":"2025-10-13T15:20:44","modified_gmt":"2025-10-13T18:20:44","slug":"dia-d-de-vacinacao-sera-realizado-em-caruaru-neste-sabado-18","status":"publish","type":"post","link":"https:\/\/blogdoedvaldomagalhaes.com.br\/index.php\/2025\/10\/13\/dia-d-de-vacinacao-sera-realizado-em-caruaru-neste-sabado-18\/","title":{"rendered":"Dia D de Vacina\u00e7\u00e3o ser\u00e1 realizado em Caruaru, neste s\u00e1bado (18)"},"content":{"rendered":"<p>A Secretaria Municipal de Sa\u00fade (SMS), realiza, neste s\u00e1bado (18.10), o Dia D da Campanha de Multivacina\u00e7\u00e3o 2025, com o objetivo de atualizar a caderneta de vacina\u00e7\u00e3o de crian\u00e7as e adolescentes. As Unidades B\u00e1sicas de Sa\u00fade (UBSs) estar\u00e3o abertas das 8h \u00e0s 16h, ofertando todas as vacinas do calend\u00e1rio nacional.<\/p>\n<p>O Dia D \u00e9 uma oportunidade para pais e respons\u00e1veis garantirem que os filhos estejam com a situa\u00e7\u00e3o vacinal em dia, protegendo contra diversas doen\u00e7as preven\u00edveis, como poliomielite, sarampo, caxumba, rub\u00e9ola, HPV, entre outras.<\/p>\n<p>As salas de vacina\u00e7\u00e3o estar\u00e3o funcionando nas seguintes unidades: Alto do Moura, Boa Vista, Cip\u00f3, Dem\u00f3stenes Veras\/Novo Mundo, Indian\u00f3polis, Kennedy 1, Caiuc\u00e1 1, Jos\u00e9 Carlos de Oliveira 1, Luiz Bezerra Torres, Salgado 1 e 2, S\u00e3o Jo\u00e3o da Esc\u00f3cia 1, 3 e 4, Santa Rosa 1, Rendeiras 1 e Vassoural 2 e 3.<\/p>\n<p>Al\u00e9m das unidades, o p\u00fablico poder\u00e1 se vacinar em pontos extras espalhados pela cidade:<br \/>\n\t\u2022\tMarco Zero \u2013 das 8h \u00e0s 14h;<br \/>\n\t\u2022\tBonanza da Avenida Portugal, Unicompras e Via Parque (em frente ao INSS) \u2013 das 8h \u00e0s 16h.<\/p>\n<p>Para o atendimento, \u00e9 necess\u00e1rio apresentar o Cart\u00e3o SUS ou CPF e o cart\u00e3o de vacina.<br \/>\nSeja seguidor do Instagram @portaledvaldomagalhaes<br \/>\nFoto: Divulga\u00e7\u00e3o <\/p>\n","protected":false},"excerpt":{"rendered":"<p>A Secretaria Municipal de Sa\u00fade (SMS), realiza, neste s\u00e1bado (18.10), o Dia D da Campanha de Multivacina\u00e7\u00e3o 2025, com o&hellip;<\/p>\n","protected":false},"author":1,"featured_media":123754,"comment_status":"closed","ping_status":"open","sticky":false,"template":"","format":"standard","meta":{"footnotes":""},"categories":[14120],"tags":[13146,34971,34634],"class_list":["post-123753","post","type-post","status-publish","format-standard","has-post-thumbnail","hentry","category-noticias","tag-blog-edvaldo-magalhaes","tag-dia-d-de-vacinacao-sera-realizado-em-caruaru-neste-sabado-18","tag-portal-edvaldo-magalhaes"],"_links":{"self":[{"href":"https:\/\/blogdoedvaldomagalhaes.com.br\/index.php\/wp-json\/wp\/v2\/posts\/123753","targetHints":{"allow":["GET"]}}],"collection":[{"href":"https:\/\/blogdoedvaldomagalhaes.com.br\/index.php\/wp-json\/wp\/v2\/posts"}],"about":[{"href":"https:\/\/blogdoedvaldomagalhaes.com.br\/index.php\/wp-json\/wp\/v2\/types\/post"}],"author":[{"embeddable":true,"href":"https:\/\/blogdoedvaldomagalhaes.com.br\/index.php\/wp-json\/wp\/v2\/users\/1"}],"replies":[{"embeddable":true,"href":"https:\/\/blogdoedvaldomagalhaes.com.br\/index.php\/wp-json\/wp\/v2\/comments?post=123753"}],"version-history":[{"count":1,"href":"https:\/\/blogdoedvaldomagalhaes.com.br\/index.php\/wp-json\/wp\/v2\/posts\/123753\/revisions"}],"predecessor-version":[{"id":123755,"href":"https:\/\/blogdoedvaldomagalhaes.com.br\/index.php\/wp-json\/wp\/v2\/posts\/123753\/revisions\/123755"}],"wp:featuredmedia":[{"embeddable":true,"href":"https:\/\/blogdoedvaldomagalhaes.com.br\/index.php\/wp-json\/wp\/v2\/media\/123754"}],"wp:attachment":[{"href":"https:\/\/blogdoedvaldomagalhaes.com.br\/index.php\/wp-json\/wp\/v2\/media?parent=123753"}],"wp:term":[{"taxonomy":"category","embeddable":true,"href":"https:\/\/blogdoedvaldomagalhaes.com.br\/index.php\/wp-json\/wp\/v2\/categories?post=123753"},{"taxonomy":"post_tag","embeddable":true,"href":"https:\/\/blogdoedvaldomagalhaes.com.br\/index.php\/wp-json\/wp\/v2\/tags?post=123753"}],"curies":[{"name":"wp","href":"https:\/\/api.w.org\/{rel}","templated":true}]}}