{"id":123750,"date":"2025-10-13T15:11:19","date_gmt":"2025-10-13T18:11:19","guid":{"rendered":"https:\/\/blogdoedvaldomagalhaes.com.br\/?p=123750"},"modified":"2025-10-13T15:11:19","modified_gmt":"2025-10-13T18:11:19","slug":"dia-rosa-sera-realizado-para-mulheres-no-sintracon-caruaru-nesta-quarta-feira-15","status":"publish","type":"post","link":"https:\/\/blogdoedvaldomagalhaes.com.br\/index.php\/2025\/10\/13\/dia-rosa-sera-realizado-para-mulheres-no-sintracon-caruaru-nesta-quarta-feira-15\/","title":{"rendered":"&#8220;Dia Rosa&#8221; ser\u00e1 realizado para mulheres no Sintracon Caruaru nesta quarta-feira (15)"},"content":{"rendered":"<p>Mulher, Seu Corpo, Sua Melhor Constru\u00e7\u00e3o, o Alicerce \u00e9 a sa\u00fade Sa\u00fade !<br \/>\nO SINTRACON CARUARU reconhece a urg\u00eancia da preven\u00e7\u00e3o e, diante do avan\u00e7o do c\u00e2ncer de mama, instituiu em seu calend\u00e1rio anual o &#8220;Dia Rosa&#8221;, dedicado \u00e0 conscientiza\u00e7\u00e3o sobre este tema vital.<\/p>\n<p>Em uma parceria estrat\u00e9gica com a Secretaria de Sa\u00fade da Prefeitura de Caruaru e a Cl\u00ednica Mais Exames, realizaremos um grande evento com uma programa\u00e7\u00e3o especial, pensada para informar e mobilizar:<\/p>\n<p>Programa\u00e7\u00e3o do &#8220;Dia Rosa&#8221;:<br \/>\nPalestras com especialistas da \u00e1rea.<\/p>\n<p>Instru\u00e7\u00f5es detalhadas de autoexame.<\/p>\n<p>Brindes e um momento de confraterniza\u00e7\u00e3o com Coffee Break.<\/p>\n<p>Nesta quarta-feira dia 15 de Outubro de 2025, no SINTRACON Caruaru (Rua Afonso Celso, 25, S\u00e3o Francisco), das 9h \u00e0s 12h e de 13h \u00e0s 16h.<br \/>\nJunte-se a n\u00f3s nesta luta pela vida!<br \/>\nSeja seguidor do Instagram @portaledvaldomagalhaes<br \/>\nFoto: Divulga\u00e7\u00e3o <\/p>\n","protected":false},"excerpt":{"rendered":"<p>Mulher, Seu Corpo, Sua Melhor Constru\u00e7\u00e3o, o Alicerce \u00e9 a sa\u00fade Sa\u00fade ! O SINTRACON CARUARU reconhece a urg\u00eancia da&hellip;<\/p>\n","protected":false},"author":1,"featured_media":123751,"comment_status":"closed","ping_status":"open","sticky":false,"template":"","format":"standard","meta":{"footnotes":""},"categories":[14120],"tags":[34970,13146,34634],"class_list":["post-123750","post","type-post","status-publish","format-standard","has-post-thumbnail","hentry","category-noticias","tag-dia-rosa-sera-realizado-para-mulheres-no-sintracon-caruaru-nesta-quarta-feira-15","tag-blog-edvaldo-magalhaes","tag-portal-edvaldo-magalhaes"],"_links":{"self":[{"href":"https:\/\/blogdoedvaldomagalhaes.com.br\/index.php\/wp-json\/wp\/v2\/posts\/123750","targetHints":{"allow":["GET"]}}],"collection":[{"href":"https:\/\/blogdoedvaldomagalhaes.com.br\/index.php\/wp-json\/wp\/v2\/posts"}],"about":[{"href":"https:\/\/blogdoedvaldomagalhaes.com.br\/index.php\/wp-json\/wp\/v2\/types\/post"}],"author":[{"embeddable":true,"href":"https:\/\/blogdoedvaldomagalhaes.com.br\/index.php\/wp-json\/wp\/v2\/users\/1"}],"replies":[{"embeddable":true,"href":"https:\/\/blogdoedvaldomagalhaes.com.br\/index.php\/wp-json\/wp\/v2\/comments?post=123750"}],"version-history":[{"count":1,"href":"https:\/\/blogdoedvaldomagalhaes.com.br\/index.php\/wp-json\/wp\/v2\/posts\/123750\/revisions"}],"predecessor-version":[{"id":123752,"href":"https:\/\/blogdoedvaldomagalhaes.com.br\/index.php\/wp-json\/wp\/v2\/posts\/123750\/revisions\/123752"}],"wp:featuredmedia":[{"embeddable":true,"href":"https:\/\/blogdoedvaldomagalhaes.com.br\/index.php\/wp-json\/wp\/v2\/media\/123751"}],"wp:attachment":[{"href":"https:\/\/blogdoedvaldomagalhaes.com.br\/index.php\/wp-json\/wp\/v2\/media?parent=123750"}],"wp:term":[{"taxonomy":"category","embeddable":true,"href":"https:\/\/blogdoedvaldomagalhaes.com.br\/index.php\/wp-json\/wp\/v2\/categories?post=123750"},{"taxonomy":"post_tag","embeddable":true,"href":"https:\/\/blogdoedvaldomagalhaes.com.br\/index.php\/wp-json\/wp\/v2\/tags?post=123750"}],"curies":[{"name":"wp","href":"https:\/\/api.w.org\/{rel}","templated":true}]}}