{"id":123746,"date":"2025-10-13T14:52:48","date_gmt":"2025-10-13T17:52:48","guid":{"rendered":"https:\/\/blogdoedvaldomagalhaes.com.br\/?p=123746"},"modified":"2025-10-13T14:52:48","modified_gmt":"2025-10-13T17:52:48","slug":"ivanildo-vilanova-a-aguia-do-improviso-completa-80-anos-elevando-a-cantoria-por-jenerson-alves","status":"publish","type":"post","link":"https:\/\/blogdoedvaldomagalhaes.com.br\/index.php\/2025\/10\/13\/ivanildo-vilanova-a-aguia-do-improviso-completa-80-anos-elevando-a-cantoria-por-jenerson-alves\/","title":{"rendered":"Ivanildo Vilanova: a \u00c1guia do Improviso completa 80 anos elevando a cantoria &#8211; por J\u00e9nerson Alves"},"content":{"rendered":"<p>Se fiz\u00e9ssemos uma enquete com o p\u00fablico, apologistas e at\u00e9 com outros cantadores sobre quem \u00e9 o maior repentista em atividade, a resposta seria un\u00e2nime: Ivanildo Vilanova. Consagrado como o Cantador do S\u00e9culo, Vilanova \u00e9 um expoente, tanto como poeta quanto como lideran\u00e7a profissional. \u00c9 chamado de \u2018\u00c1guia do Improviso\u2019. A ave possui vis\u00e3o apurada, bico e garras fortes, Ivanildo v\u00ea al\u00e9m do tempo e, com for\u00e7a herc\u00falea, defende a cantoria e a cultura nordestina.<\/p>\n<p>Neste dia 13 de outubro de 2025, o repentista completa 80 anos de idade. Filho do tamb\u00e9m cantador Jos\u00e9 Faustino Vilanova, Ivanildo nasceu em Caruaru-PE. Come\u00e7ou a cantar profissionalmente aos 18 anos, j\u00e1 com uma bagagem de conhecimento invej\u00e1vel.<\/p>\n<p>Sua obra possui inestim\u00e1vel valor po\u00e9tico. Versos l\u00edmpidos, com lirismo natural e agudeza anal\u00edtica. Sabe-se que o improviso nordestino tem ra\u00edzes nos trovadores europeus, e a palavra \u2018trouver\u2019 significa \u2018achar\u2019 \u2013 isso porque o repentista n\u00e3o pensa na estrofe, mas a \u2018acha\u2019 em poucos segundos (alguns cantadores dizem que \u201csonham\u201d com os versos). Dessa forma, Vilanova comp\u00f4s trabalhos memor\u00e1veis, como \u2018Nordeste independente\u2019, \u2018Orgulho de ser nordestino\u2019, \u2018Uma vaca matou Z\u00e9 Marcolino, e eu n\u00e3o dava Jos\u00e9 numa boiada\u2019, entre tantos outros. <\/p>\n<p>Seu vasto conhecimento elevou os patamares po\u00e9ticos da cantoria; sua \u00e9tica profissional conduziu a viola aos p\u00edncaros da grandeza. Foi a partir da articula\u00e7\u00e3o dele que os cantadores ascenderam como artistas, mediante a institui\u00e7\u00e3o de cach\u00eas, hor\u00e1rios e contratos. Ele ainda levou o repente a v\u00e1rios estados e at\u00e9 para fora do pa\u00eds, como aos Estados Unidos, It\u00e1lia e Fran\u00e7a. Idealizou eventos grandiosos, como o Desafio Nordestino de Cantadores, no qual os poetas percorriam v\u00e1rios munic\u00edpios pernambucanos em disputas cujas etapas finalistas ocorriam em S\u00e3o Paulo, Rio de Janeiro e Bras\u00edlia. <\/p>\n<p>Com oito d\u00e9cadas de vida, seu talento continua o mesmo de d\u00e9cadas atr\u00e1s. Seja nos duelos po\u00e9ticos ou em participa\u00e7\u00f5es especiais, \u00e9 este o desejo de milhares de amantes da cantoria de viola: que a voz de Vilanova permane\u00e7a ecoando, revestindo de alcance e significado a ess\u00eancia do Nordeste.<br \/>\nPor J\u00e9nerson Alves \u00e9 jornalista, professor e poeta<br \/>\nSiga o Instagram @portaledvaldomagalhaes<br \/>\nFoto: Divulga\u00e7\u00e3o <\/p>\n","protected":false},"excerpt":{"rendered":"<p>Se fiz\u00e9ssemos uma enquete com o p\u00fablico, apologistas e at\u00e9 com outros cantadores sobre quem \u00e9 o maior repentista em&hellip;<\/p>\n","protected":false},"author":1,"featured_media":123747,"comment_status":"closed","ping_status":"open","sticky":false,"template":"","format":"standard","meta":{"footnotes":""},"categories":[14120],"tags":[13146,34969,34634],"class_list":["post-123746","post","type-post","status-publish","format-standard","has-post-thumbnail","hentry","category-noticias","tag-blog-edvaldo-magalhaes","tag-ivanildo-vilanova-a-aguia-do-improviso-completa-80-anos-elevando-a-cantoria-por-jenerson-alves","tag-portal-edvaldo-magalhaes"],"_links":{"self":[{"href":"https:\/\/blogdoedvaldomagalhaes.com.br\/index.php\/wp-json\/wp\/v2\/posts\/123746","targetHints":{"allow":["GET"]}}],"collection":[{"href":"https:\/\/blogdoedvaldomagalhaes.com.br\/index.php\/wp-json\/wp\/v2\/posts"}],"about":[{"href":"https:\/\/blogdoedvaldomagalhaes.com.br\/index.php\/wp-json\/wp\/v2\/types\/post"}],"author":[{"embeddable":true,"href":"https:\/\/blogdoedvaldomagalhaes.com.br\/index.php\/wp-json\/wp\/v2\/users\/1"}],"replies":[{"embeddable":true,"href":"https:\/\/blogdoedvaldomagalhaes.com.br\/index.php\/wp-json\/wp\/v2\/comments?post=123746"}],"version-history":[{"count":1,"href":"https:\/\/blogdoedvaldomagalhaes.com.br\/index.php\/wp-json\/wp\/v2\/posts\/123746\/revisions"}],"predecessor-version":[{"id":123749,"href":"https:\/\/blogdoedvaldomagalhaes.com.br\/index.php\/wp-json\/wp\/v2\/posts\/123746\/revisions\/123749"}],"wp:featuredmedia":[{"embeddable":true,"href":"https:\/\/blogdoedvaldomagalhaes.com.br\/index.php\/wp-json\/wp\/v2\/media\/123747"}],"wp:attachment":[{"href":"https:\/\/blogdoedvaldomagalhaes.com.br\/index.php\/wp-json\/wp\/v2\/media?parent=123746"}],"wp:term":[{"taxonomy":"category","embeddable":true,"href":"https:\/\/blogdoedvaldomagalhaes.com.br\/index.php\/wp-json\/wp\/v2\/categories?post=123746"},{"taxonomy":"post_tag","embeddable":true,"href":"https:\/\/blogdoedvaldomagalhaes.com.br\/index.php\/wp-json\/wp\/v2\/tags?post=123746"}],"curies":[{"name":"wp","href":"https:\/\/api.w.org\/{rel}","templated":true}]}}