{"id":123743,"date":"2025-10-13T14:42:19","date_gmt":"2025-10-13T17:42:19","guid":{"rendered":"https:\/\/blogdoedvaldomagalhaes.com.br\/?p=123743"},"modified":"2025-10-13T14:42:19","modified_gmt":"2025-10-13T17:42:19","slug":"hospital-regional-do-agreste-participa-do-projeto-saude-em-nossas-maos-para-reduzir-infeccoes-em-utis","status":"publish","type":"post","link":"https:\/\/blogdoedvaldomagalhaes.com.br\/index.php\/2025\/10\/13\/hospital-regional-do-agreste-participa-do-projeto-saude-em-nossas-maos-para-reduzir-infeccoes-em-utis\/","title":{"rendered":"Hospital Regional do Agreste participa do Projeto Sa\u00fade em Nossas M\u00e3os para reduzir infec\u00e7\u00f5es em UTIs"},"content":{"rendered":"<p>O Hospital Regional do Agreste (HRA) \u00e9 participante do Projeto Sa\u00fade em Nossas M\u00e3os, vinculado ao PROADI-SUS, que tem como objetivo reduzir em 50% as infec\u00e7\u00f5es relacionadas \u00e0 assist\u00eancia em sa\u00fade (IRAS) nas unidades de terapia intensiva. Desde outubro do ano passado, o HRA integra a iniciativa, tendo o Hospital do Cora\u00e7\u00e3o (HCor) como hub de refer\u00eancia.<\/p>\n<p>Em fevereiro deste ano, a unidade recebeu a primeira visita de consultoras do projeto, respons\u00e1veis por orientar a\u00e7\u00f5es iniciais. Agora, em outubro, uma nova visita foi realizada para avalia\u00e7\u00e3o dos resultados parciais.  As mudan\u00e7as implementadas nos processos assistenciais j\u00e1 demonstram uma tend\u00eancia de transforma\u00e7\u00e3o positiva e, \u00e0 medida que a coleta de dados prosseguir, ser\u00e1 poss\u00edvel verificar o impacto do projeto na redu\u00e7\u00e3o do n\u00famero de infec\u00e7\u00f5es.<\/p>\n<p>O grande diferencial da iniciativa no HRA \u00e9 o forte engajamento da equipe assistencial, que vem levantando oportunidades de melhoria nos fluxos de trabalho. O projeto \u00e9 conduzido pela UTI em parceria com a Comiss\u00e3o de Controle de Infec\u00e7\u00e3o Hospitalar, contando ainda com o suporte da \u00e1rea de Qualidade e Seguran\u00e7a do Paciente.<\/p>\n<p>Durante a \u00faltima visita, a enfermeira consultora Maria do Carmo Jatob\u00e1 destacou a import\u00e2ncia da participa\u00e7\u00e3o coletiva. \u201cGostaria de agradecer a recep\u00e7\u00e3o de todos, junto com a alta lideran\u00e7a. Muito boa a parceria de todos com este maravilhoso projeto. Vamos em busca da redu\u00e7\u00e3o das IRAS e da melhoria dos processos\u201d, afirmou.<br \/>\nSiga o Instagram @portaledvaldomagalhaes<br \/>\nFoto: Divulga\u00e7\u00e3o <\/p>\n","protected":false},"excerpt":{"rendered":"<p>O Hospital Regional do Agreste (HRA) \u00e9 participante do Projeto Sa\u00fade em Nossas M\u00e3os, vinculado ao PROADI-SUS, que tem como&hellip;<\/p>\n","protected":false},"author":1,"featured_media":123744,"comment_status":"closed","ping_status":"open","sticky":false,"template":"","format":"standard","meta":{"footnotes":""},"categories":[14120],"tags":[13146,34968,34634],"class_list":["post-123743","post","type-post","status-publish","format-standard","has-post-thumbnail","hentry","category-noticias","tag-blog-edvaldo-magalhaes","tag-hospital-regional-do-agreste-participa-do-projeto-saude-em-nossas-maos-para-reduzir-infeccoes-em-utis","tag-portal-edvaldo-magalhaes"],"_links":{"self":[{"href":"https:\/\/blogdoedvaldomagalhaes.com.br\/index.php\/wp-json\/wp\/v2\/posts\/123743","targetHints":{"allow":["GET"]}}],"collection":[{"href":"https:\/\/blogdoedvaldomagalhaes.com.br\/index.php\/wp-json\/wp\/v2\/posts"}],"about":[{"href":"https:\/\/blogdoedvaldomagalhaes.com.br\/index.php\/wp-json\/wp\/v2\/types\/post"}],"author":[{"embeddable":true,"href":"https:\/\/blogdoedvaldomagalhaes.com.br\/index.php\/wp-json\/wp\/v2\/users\/1"}],"replies":[{"embeddable":true,"href":"https:\/\/blogdoedvaldomagalhaes.com.br\/index.php\/wp-json\/wp\/v2\/comments?post=123743"}],"version-history":[{"count":1,"href":"https:\/\/blogdoedvaldomagalhaes.com.br\/index.php\/wp-json\/wp\/v2\/posts\/123743\/revisions"}],"predecessor-version":[{"id":123745,"href":"https:\/\/blogdoedvaldomagalhaes.com.br\/index.php\/wp-json\/wp\/v2\/posts\/123743\/revisions\/123745"}],"wp:featuredmedia":[{"embeddable":true,"href":"https:\/\/blogdoedvaldomagalhaes.com.br\/index.php\/wp-json\/wp\/v2\/media\/123744"}],"wp:attachment":[{"href":"https:\/\/blogdoedvaldomagalhaes.com.br\/index.php\/wp-json\/wp\/v2\/media?parent=123743"}],"wp:term":[{"taxonomy":"category","embeddable":true,"href":"https:\/\/blogdoedvaldomagalhaes.com.br\/index.php\/wp-json\/wp\/v2\/categories?post=123743"},{"taxonomy":"post_tag","embeddable":true,"href":"https:\/\/blogdoedvaldomagalhaes.com.br\/index.php\/wp-json\/wp\/v2\/tags?post=123743"}],"curies":[{"name":"wp","href":"https:\/\/api.w.org\/{rel}","templated":true}]}}