{"id":123738,"date":"2025-10-13T14:01:07","date_gmt":"2025-10-13T17:01:07","guid":{"rendered":"https:\/\/blogdoedvaldomagalhaes.com.br\/?p=123738"},"modified":"2025-10-13T14:03:53","modified_gmt":"2025-10-13T17:03:53","slug":"carga-de-bebidas-alcoolicas-e-apreendida","status":"publish","type":"post","link":"https:\/\/blogdoedvaldomagalhaes.com.br\/index.php\/2025\/10\/13\/carga-de-bebidas-alcoolicas-e-apreendida\/","title":{"rendered":"Carga de bebidas alco\u00f3licas \u00e9 apreendida"},"content":{"rendered":"<p>No s\u00e1bado (11.10), por volta das 13h, o efetivo do GATI em a\u00e7\u00e3o conjunta com o PATRULHA RURAL, receberam informa\u00e7\u00f5es do MALHAS DA LEI e efetivo da ASI, que no s\u00edtio realengo, zona rural de S\u00e3o Bento do \u00dana, uma carga de bebidas alco\u00f3licas teria sido abandonada. De imediato o policiamento seguiu at\u00e9 a localidade e constatou a veracidade da informa\u00e7\u00e3o, encontrando 30 caixas de DREHER e 28 caixas de RUN MONTILA:totalizando 706 garrafas de bebidas. Diante do fato, o material recuperado foi apresentado na Delegacia de Belo Jardim, para serem tomadas as medidas legais cab\u00edveis, resultando em VPI.<\/p>\n<p>No Brasil at\u00e9 esta segunda-feira (13.10), s\u00e3o 29 casos confirmados, 05 mortes e 12 em investiga\u00e7\u00e3o, com 217 casos suspeitos, de intoxica\u00e7\u00e3o por metanol.<br \/>\nSeja seguidor do Instagram @portaledvaldomagalhaes<br \/>\nFoto: Divulga\u00e7\u00e3o\/PMPE <\/p>\n","protected":false},"excerpt":{"rendered":"<p>No s\u00e1bado (11.10), por volta das 13h, o efetivo do GATI em a\u00e7\u00e3o conjunta com o PATRULHA RURAL, receberam informa\u00e7\u00f5es&hellip;<\/p>\n","protected":false},"author":1,"featured_media":123739,"comment_status":"closed","ping_status":"open","sticky":false,"template":"","format":"standard","meta":{"footnotes":""},"categories":[14121],"tags":[13146,34967,34634],"class_list":["post-123738","post","type-post","status-publish","format-standard","has-post-thumbnail","hentry","category-policial","tag-blog-edvaldo-magalhaes","tag-carga-de-bebidas-alcoolicas-e-apreendida","tag-portal-edvaldo-magalhaes"],"_links":{"self":[{"href":"https:\/\/blogdoedvaldomagalhaes.com.br\/index.php\/wp-json\/wp\/v2\/posts\/123738","targetHints":{"allow":["GET"]}}],"collection":[{"href":"https:\/\/blogdoedvaldomagalhaes.com.br\/index.php\/wp-json\/wp\/v2\/posts"}],"about":[{"href":"https:\/\/blogdoedvaldomagalhaes.com.br\/index.php\/wp-json\/wp\/v2\/types\/post"}],"author":[{"embeddable":true,"href":"https:\/\/blogdoedvaldomagalhaes.com.br\/index.php\/wp-json\/wp\/v2\/users\/1"}],"replies":[{"embeddable":true,"href":"https:\/\/blogdoedvaldomagalhaes.com.br\/index.php\/wp-json\/wp\/v2\/comments?post=123738"}],"version-history":[{"count":2,"href":"https:\/\/blogdoedvaldomagalhaes.com.br\/index.php\/wp-json\/wp\/v2\/posts\/123738\/revisions"}],"predecessor-version":[{"id":123742,"href":"https:\/\/blogdoedvaldomagalhaes.com.br\/index.php\/wp-json\/wp\/v2\/posts\/123738\/revisions\/123742"}],"wp:featuredmedia":[{"embeddable":true,"href":"https:\/\/blogdoedvaldomagalhaes.com.br\/index.php\/wp-json\/wp\/v2\/media\/123739"}],"wp:attachment":[{"href":"https:\/\/blogdoedvaldomagalhaes.com.br\/index.php\/wp-json\/wp\/v2\/media?parent=123738"}],"wp:term":[{"taxonomy":"category","embeddable":true,"href":"https:\/\/blogdoedvaldomagalhaes.com.br\/index.php\/wp-json\/wp\/v2\/categories?post=123738"},{"taxonomy":"post_tag","embeddable":true,"href":"https:\/\/blogdoedvaldomagalhaes.com.br\/index.php\/wp-json\/wp\/v2\/tags?post=123738"}],"curies":[{"name":"wp","href":"https:\/\/api.w.org\/{rel}","templated":true}]}}