{"id":123735,"date":"2025-10-12T13:08:07","date_gmt":"2025-10-12T16:08:07","guid":{"rendered":"https:\/\/blogdoedvaldomagalhaes.com.br\/?p=123735"},"modified":"2025-10-12T13:08:07","modified_gmt":"2025-10-12T16:08:07","slug":"van-bate-em-traseira-de-moto-e-mata-homem","status":"publish","type":"post","link":"https:\/\/blogdoedvaldomagalhaes.com.br\/index.php\/2025\/10\/12\/van-bate-em-traseira-de-moto-e-mata-homem\/","title":{"rendered":"Van bate em traseira de moto e mata homem"},"content":{"rendered":"<p>O sinistro de tr\u00e2nsito ocorreu por volta das 19h30, desse s\u00e1bado (11.10), no Km 44 da BR 316, em Araripina, no Sert\u00e3o de Pernambuco.<\/p>\n<p>Foi uma colis\u00e3o de uma Van na parte de tr\u00e1s de uma motocicleta. O condutor da motocicleta faleceu no local. O motorista da Van n\u00e3o estava no local quando a viatura chegou.<\/p>\n<p>Al\u00e9m da PRF, o IC esteve no local. A Pol\u00edcia Civil vai investigar o caso.<br \/>\nSeja seguidor do Instagram @portaledvaldomagalhaes<br \/>\nFoto: Divulga\u00e7\u00e3o\/PRF<\/p>\n","protected":false},"excerpt":{"rendered":"<p>O sinistro de tr\u00e2nsito ocorreu por volta das 19h30, desse s\u00e1bado (11.10), no Km 44 da BR 316, em Araripina,&hellip;<\/p>\n","protected":false},"author":1,"featured_media":123736,"comment_status":"closed","ping_status":"open","sticky":false,"template":"","format":"standard","meta":{"footnotes":""},"categories":[14120],"tags":[14276,13146,34966,30295,34965],"class_list":["post-123735","post","type-post","status-publish","format-standard","has-post-thumbnail","hentry","category-noticias","tag-acidente","tag-blog-edvaldo-magalhaes","tag-porta-edvaldo-magalhaes","tag-sinistro","tag-van-bate-em-traseira-de-moto-e-mata-homem"],"_links":{"self":[{"href":"https:\/\/blogdoedvaldomagalhaes.com.br\/index.php\/wp-json\/wp\/v2\/posts\/123735","targetHints":{"allow":["GET"]}}],"collection":[{"href":"https:\/\/blogdoedvaldomagalhaes.com.br\/index.php\/wp-json\/wp\/v2\/posts"}],"about":[{"href":"https:\/\/blogdoedvaldomagalhaes.com.br\/index.php\/wp-json\/wp\/v2\/types\/post"}],"author":[{"embeddable":true,"href":"https:\/\/blogdoedvaldomagalhaes.com.br\/index.php\/wp-json\/wp\/v2\/users\/1"}],"replies":[{"embeddable":true,"href":"https:\/\/blogdoedvaldomagalhaes.com.br\/index.php\/wp-json\/wp\/v2\/comments?post=123735"}],"version-history":[{"count":1,"href":"https:\/\/blogdoedvaldomagalhaes.com.br\/index.php\/wp-json\/wp\/v2\/posts\/123735\/revisions"}],"predecessor-version":[{"id":123737,"href":"https:\/\/blogdoedvaldomagalhaes.com.br\/index.php\/wp-json\/wp\/v2\/posts\/123735\/revisions\/123737"}],"wp:featuredmedia":[{"embeddable":true,"href":"https:\/\/blogdoedvaldomagalhaes.com.br\/index.php\/wp-json\/wp\/v2\/media\/123736"}],"wp:attachment":[{"href":"https:\/\/blogdoedvaldomagalhaes.com.br\/index.php\/wp-json\/wp\/v2\/media?parent=123735"}],"wp:term":[{"taxonomy":"category","embeddable":true,"href":"https:\/\/blogdoedvaldomagalhaes.com.br\/index.php\/wp-json\/wp\/v2\/categories?post=123735"},{"taxonomy":"post_tag","embeddable":true,"href":"https:\/\/blogdoedvaldomagalhaes.com.br\/index.php\/wp-json\/wp\/v2\/tags?post=123735"}],"curies":[{"name":"wp","href":"https:\/\/api.w.org\/{rel}","templated":true}]}}