{"id":123720,"date":"2025-10-11T21:05:13","date_gmt":"2025-10-12T00:05:13","guid":{"rendered":"https:\/\/blogdoedvaldomagalhaes.com.br\/?p=123720"},"modified":"2025-10-11T21:45:58","modified_gmt":"2025-10-12T00:45:58","slug":"homem-e-assassinado-dentro-de-casa-em-caruaru-3","status":"publish","type":"post","link":"https:\/\/blogdoedvaldomagalhaes.com.br\/index.php\/2025\/10\/11\/homem-e-assassinado-dentro-de-casa-em-caruaru-3\/","title":{"rendered":"Homem \u00e9 assassinado dentro de casa, em Caruaru"},"content":{"rendered":"<p>Na manh\u00e3 deste s\u00e1bado (11.10), um homem foi assassinado a tiros quando estava no sof\u00e1 da pr\u00f3pria resid\u00eancia, na rua Nostradamus, no bairro Jos\u00e9 Liberato, em Caruaru. A v\u00edtima foi o ex-presidi\u00e1rio Jailson Jos\u00e9 da Silva, 42 anos de idade.<\/p>\n<p>O delegado Eric Costa informou que a v\u00edtima teve passagem pela pol\u00edcia por homic\u00eddio, e quando ingeria bebidas alco\u00f3licas se envolvia em confus\u00f5es. O corpo foi encaminhado ao IML de Caruaru.<br \/>\nSiga o Instagram @portaledvaldomagalhaes<\/p>\n","protected":false},"excerpt":{"rendered":"<p>Na manh\u00e3 deste s\u00e1bado (11.10), um homem foi assassinado a tiros quando estava no sof\u00e1 da pr\u00f3pria resid\u00eancia, na rua&hellip;<\/p>\n","protected":false},"author":1,"featured_media":123721,"comment_status":"closed","ping_status":"open","sticky":false,"template":"","format":"standard","meta":{"footnotes":""},"categories":[14120],"tags":[13146,30177,5448,34634],"class_list":["post-123720","post","type-post","status-publish","format-standard","has-post-thumbnail","hentry","category-noticias","tag-blog-edvaldo-magalhaes","tag-homem-e-assassinado-dentro-de-casa-em-caruaru","tag-homicidio","tag-portal-edvaldo-magalhaes"],"_links":{"self":[{"href":"https:\/\/blogdoedvaldomagalhaes.com.br\/index.php\/wp-json\/wp\/v2\/posts\/123720","targetHints":{"allow":["GET"]}}],"collection":[{"href":"https:\/\/blogdoedvaldomagalhaes.com.br\/index.php\/wp-json\/wp\/v2\/posts"}],"about":[{"href":"https:\/\/blogdoedvaldomagalhaes.com.br\/index.php\/wp-json\/wp\/v2\/types\/post"}],"author":[{"embeddable":true,"href":"https:\/\/blogdoedvaldomagalhaes.com.br\/index.php\/wp-json\/wp\/v2\/users\/1"}],"replies":[{"embeddable":true,"href":"https:\/\/blogdoedvaldomagalhaes.com.br\/index.php\/wp-json\/wp\/v2\/comments?post=123720"}],"version-history":[{"count":4,"href":"https:\/\/blogdoedvaldomagalhaes.com.br\/index.php\/wp-json\/wp\/v2\/posts\/123720\/revisions"}],"predecessor-version":[{"id":123733,"href":"https:\/\/blogdoedvaldomagalhaes.com.br\/index.php\/wp-json\/wp\/v2\/posts\/123720\/revisions\/123733"}],"wp:featuredmedia":[{"embeddable":true,"href":"https:\/\/blogdoedvaldomagalhaes.com.br\/index.php\/wp-json\/wp\/v2\/media\/123721"}],"wp:attachment":[{"href":"https:\/\/blogdoedvaldomagalhaes.com.br\/index.php\/wp-json\/wp\/v2\/media?parent=123720"}],"wp:term":[{"taxonomy":"category","embeddable":true,"href":"https:\/\/blogdoedvaldomagalhaes.com.br\/index.php\/wp-json\/wp\/v2\/categories?post=123720"},{"taxonomy":"post_tag","embeddable":true,"href":"https:\/\/blogdoedvaldomagalhaes.com.br\/index.php\/wp-json\/wp\/v2\/tags?post=123720"}],"curies":[{"name":"wp","href":"https:\/\/api.w.org\/{rel}","templated":true}]}}