{"id":123716,"date":"2025-10-11T19:53:09","date_gmt":"2025-10-11T22:53:09","guid":{"rendered":"https:\/\/blogdoedvaldomagalhaes.com.br\/?p=123716"},"modified":"2025-10-11T19:54:04","modified_gmt":"2025-10-11T22:54:04","slug":"glenda-lopes-e-yago-cavalcante-sao-os-novos-miss-e-mister-caruaru","status":"publish","type":"post","link":"https:\/\/blogdoedvaldomagalhaes.com.br\/index.php\/2025\/10\/11\/glenda-lopes-e-yago-cavalcante-sao-os-novos-miss-e-mister-caruaru\/","title":{"rendered":"Glenda Lopes e Yago Cavalcante s\u00e3o os novos Miss e Mister Caruaru"},"content":{"rendered":"<p>Caruaru viveu uma noite inesquec\u00edvel nessa sexta-feira (10.10) com a realiza\u00e7\u00e3o da maior edi\u00e7\u00e3o da hist\u00f3ria do Miss e Mister Caruaru Oficial. O evento, marcado por emo\u00e7\u00e3o, beleza e grandiosidade, reuniu a sociedade do Agreste pernambucano em uma verdadeira celebra\u00e7\u00e3o \u00e0 eleg\u00e2ncia e ao talento dos jovens caruaruenses.<\/p>\n<p>Sob a coordena\u00e7\u00e3o do produtor de eventos e jornalista Henrique Campos, o concurso consagrou Glenda Lopes e Yago Cavalcante como os novos representantes oficiais de Caruaru. Eles conquistaram o p\u00fablico e o corpo de jurados com carisma, desenvoltura e prop\u00f3sito, tornando-se agora os rostos que ir\u00e3o representar a cidade nos concursos estaduais.<\/p>\n<p>Ao todo, nove mulheres disputaram o t\u00edtulo de Miss Caruaru e onze homens competiram pelo posto de Mister Caruaru, em uma disputa marcada por alto n\u00edvel e hist\u00f3rias inspiradoras.<\/p>\n<p>A noite tamb\u00e9m foi hist\u00f3rica por outro motivo: pela primeira vez, o concurso foi transmitido pela PrefTV, em canal aberto, ampliando o alcance do evento e levando a beleza caruaruense para milhares de lares em todo o estado.<\/p>\n<p>Com produ\u00e7\u00e3o impec\u00e1vel, estrutura moderna e uma plateia vibrante, o Miss e Mister Caruaru reafirmou seu papel como o maior e mais respeitado concurso de beleza do interior de Pernambuco, consolidando-se como vitrine de novos talentos e s\u00edmbolo da for\u00e7a cultural da capital do forr\u00f3.<br \/>\nSiga o Instagram @portaledvaldomagalhaes<br \/>\nFoto: Rafael Aroeira <\/p>\n","protected":false},"excerpt":{"rendered":"<p>Caruaru viveu uma noite inesquec\u00edvel nessa sexta-feira (10.10) com a realiza\u00e7\u00e3o da maior edi\u00e7\u00e3o da hist\u00f3ria do Miss e Mister&hellip;<\/p>\n","protected":false},"author":1,"featured_media":123717,"comment_status":"closed","ping_status":"open","sticky":false,"template":"","format":"standard","meta":{"footnotes":""},"categories":[14120],"tags":[13146,34964,34634],"class_list":["post-123716","post","type-post","status-publish","format-standard","has-post-thumbnail","hentry","category-noticias","tag-blog-edvaldo-magalhaes","tag-glenda-lopes-e-yago-cavalcante-sao-os-novos-miss-e-mister-caruaru","tag-portal-edvaldo-magalhaes"],"_links":{"self":[{"href":"https:\/\/blogdoedvaldomagalhaes.com.br\/index.php\/wp-json\/wp\/v2\/posts\/123716","targetHints":{"allow":["GET"]}}],"collection":[{"href":"https:\/\/blogdoedvaldomagalhaes.com.br\/index.php\/wp-json\/wp\/v2\/posts"}],"about":[{"href":"https:\/\/blogdoedvaldomagalhaes.com.br\/index.php\/wp-json\/wp\/v2\/types\/post"}],"author":[{"embeddable":true,"href":"https:\/\/blogdoedvaldomagalhaes.com.br\/index.php\/wp-json\/wp\/v2\/users\/1"}],"replies":[{"embeddable":true,"href":"https:\/\/blogdoedvaldomagalhaes.com.br\/index.php\/wp-json\/wp\/v2\/comments?post=123716"}],"version-history":[{"count":2,"href":"https:\/\/blogdoedvaldomagalhaes.com.br\/index.php\/wp-json\/wp\/v2\/posts\/123716\/revisions"}],"predecessor-version":[{"id":123719,"href":"https:\/\/blogdoedvaldomagalhaes.com.br\/index.php\/wp-json\/wp\/v2\/posts\/123716\/revisions\/123719"}],"wp:featuredmedia":[{"embeddable":true,"href":"https:\/\/blogdoedvaldomagalhaes.com.br\/index.php\/wp-json\/wp\/v2\/media\/123717"}],"wp:attachment":[{"href":"https:\/\/blogdoedvaldomagalhaes.com.br\/index.php\/wp-json\/wp\/v2\/media?parent=123716"}],"wp:term":[{"taxonomy":"category","embeddable":true,"href":"https:\/\/blogdoedvaldomagalhaes.com.br\/index.php\/wp-json\/wp\/v2\/categories?post=123716"},{"taxonomy":"post_tag","embeddable":true,"href":"https:\/\/blogdoedvaldomagalhaes.com.br\/index.php\/wp-json\/wp\/v2\/tags?post=123716"}],"curies":[{"name":"wp","href":"https:\/\/api.w.org\/{rel}","templated":true}]}}