{"id":123709,"date":"2025-10-11T18:51:08","date_gmt":"2025-10-11T21:51:08","guid":{"rendered":"https:\/\/blogdoedvaldomagalhaes.com.br\/?p=123709"},"modified":"2025-10-11T21:21:46","modified_gmt":"2025-10-12T00:21:46","slug":"mulher-e-assassinada-por-ex-companheiro-em-posto-de-combustiveis-e-acusado-e-encontrado-morto","status":"publish","type":"post","link":"https:\/\/blogdoedvaldomagalhaes.com.br\/index.php\/2025\/10\/11\/mulher-e-assassinada-por-ex-companheiro-em-posto-de-combustiveis-e-acusado-e-encontrado-morto\/","title":{"rendered":"Mulher \u00e9 assassinada por ex-companheiro em posto de combust\u00edveis, e acusado \u00e9 encontrado morto"},"content":{"rendered":"<p>Uma mulher foi assassinada a tiros na tarde deste s\u00e1bado (11), no Posto Monteiro, \u00e0s margens da BR-104, no munic\u00edpio de Agrestina, no Agreste de Pernambuco. <span style=\"font-size: revert;\">A v\u00edtima, identificada como <b>Emiliane Ver\u00edssimo <\/b><b>da Silva<\/b>, de 28 anos, morava na Rua Heleno Batista no bairro Novo Agreste tamb\u00e9m em Agrestina, trabalhava como frentista e foi surpreendida pelo ex-marido <b>Flaviano Coelho Silveira<\/b>, conhecido como<b>&#8220;Fofo&#8221;<\/b>, de idade n\u00e3o informada, que chegou em um ve\u00edculo Fiat Uno Way branco, <\/span><span style=\"font-size: revert;\">efetuou os disparos e fugiu em seguida.<\/span><\/p>\n<p>De acordo com as informa\u00e7\u00f5es iniciais, trata-se de um caso de feminic\u00eddio. Ap\u00f3s o crime, o homem seguiu para o S\u00edtio Serra do Jardim, na zona rural do munic\u00edpio, onde tirou a pr\u00f3pria vida dentro do carro. De acordo com informa\u00e7\u00f5es, a Emiliane e o Flaviano viviam um relacionamento conturbado e se separaram recentemente. De acordo com a Pol\u00edcia Militar, existia medida protetiva em benef\u00edcio da v\u00edtima.<\/p>\n<p>As pol\u00edcias Civil e Militar foram acionadas e realizaram os procedimentos cab\u00edveis.<br \/>\n<span style=\"font-size: revert;\">Por: Luiz Henrique.<br \/>\nComente no Instagram @portaledvaldomagalhaes<\/span><\/p>\n","protected":false},"excerpt":{"rendered":"<p>Uma mulher foi assassinada a tiros na tarde deste s\u00e1bado (11), no Posto Monteiro, \u00e0s margens da BR-104, no munic\u00edpio&hellip;<\/p>\n","protected":false},"author":1,"featured_media":123715,"comment_status":"closed","ping_status":"open","sticky":false,"template":"","format":"standard","meta":{"footnotes":""},"categories":[14121],"tags":[13146,27082,34963,34634],"class_list":["post-123709","post","type-post","status-publish","format-standard","has-post-thumbnail","hentry","category-policial","tag-blog-edvaldo-magalhaes","tag-feminicidio","tag-mulher-e-assassinada-por-ex-companheiro-em-posto-de-combustiveis-e-acusado-e-encontrado-morto","tag-portal-edvaldo-magalhaes"],"_links":{"self":[{"href":"https:\/\/blogdoedvaldomagalhaes.com.br\/index.php\/wp-json\/wp\/v2\/posts\/123709","targetHints":{"allow":["GET"]}}],"collection":[{"href":"https:\/\/blogdoedvaldomagalhaes.com.br\/index.php\/wp-json\/wp\/v2\/posts"}],"about":[{"href":"https:\/\/blogdoedvaldomagalhaes.com.br\/index.php\/wp-json\/wp\/v2\/types\/post"}],"author":[{"embeddable":true,"href":"https:\/\/blogdoedvaldomagalhaes.com.br\/index.php\/wp-json\/wp\/v2\/users\/1"}],"replies":[{"embeddable":true,"href":"https:\/\/blogdoedvaldomagalhaes.com.br\/index.php\/wp-json\/wp\/v2\/comments?post=123709"}],"version-history":[{"count":8,"href":"https:\/\/blogdoedvaldomagalhaes.com.br\/index.php\/wp-json\/wp\/v2\/posts\/123709\/revisions"}],"predecessor-version":[{"id":123729,"href":"https:\/\/blogdoedvaldomagalhaes.com.br\/index.php\/wp-json\/wp\/v2\/posts\/123709\/revisions\/123729"}],"wp:featuredmedia":[{"embeddable":true,"href":"https:\/\/blogdoedvaldomagalhaes.com.br\/index.php\/wp-json\/wp\/v2\/media\/123715"}],"wp:attachment":[{"href":"https:\/\/blogdoedvaldomagalhaes.com.br\/index.php\/wp-json\/wp\/v2\/media?parent=123709"}],"wp:term":[{"taxonomy":"category","embeddable":true,"href":"https:\/\/blogdoedvaldomagalhaes.com.br\/index.php\/wp-json\/wp\/v2\/categories?post=123709"},{"taxonomy":"post_tag","embeddable":true,"href":"https:\/\/blogdoedvaldomagalhaes.com.br\/index.php\/wp-json\/wp\/v2\/tags?post=123709"}],"curies":[{"name":"wp","href":"https:\/\/api.w.org\/{rel}","templated":true}]}}