{"id":123703,"date":"2025-10-11T14:52:59","date_gmt":"2025-10-11T17:52:59","guid":{"rendered":"https:\/\/blogdoedvaldomagalhaes.com.br\/?p=123703"},"modified":"2025-10-11T22:56:41","modified_gmt":"2025-10-12T01:56:41","slug":"governadora-raquel-lyra-autoriza-a-restauracao-de-rodovias-e-entrega-onibus-escolares-na-mata-norte","status":"publish","type":"post","link":"https:\/\/blogdoedvaldomagalhaes.com.br\/index.php\/2025\/10\/11\/governadora-raquel-lyra-autoriza-a-restauracao-de-rodovias-e-entrega-onibus-escolares-na-mata-norte\/","title":{"rendered":"Governadora Raquel Lyra autoriza a restaura\u00e7\u00e3o de rodovias e entrega \u00f4nibus escolares na Mata Norte"},"content":{"rendered":"<p>O Governo de Pernambuco segue avan\u00e7ando com a pavimenta\u00e7\u00e3o e requalifica\u00e7\u00e3o de estradas por todo o Estado. Nesta sexta-feira (10), a governadora Raquel Lyra, acompanhada da sua vice, Priscila Krause, assinou ordens de servi\u00e7o para as obras de restaura\u00e7\u00e3o da PE-082, no trecho que liga a BR-408 (em Timba\u00faba) \u00e0 PE-075 (em Ibiranga, munic\u00edpio de Itamb\u00e9), e da PE-089, no trecho que liga a estrada at\u00e9 o entroncamento da PE-074 (em Siriji, S\u00e3o Vicente Ferrer). O investimento total nas obras nas vias \u00e9 de R$ 85 milh\u00f5es.<\/span><\/p>\n<p>&#8220;Hoje assinamos a autoriza\u00e7\u00e3o para in\u00edcio das obras das PEs 082 e 089. Essas obras garantir\u00e3o a liga\u00e7\u00e3o entre os munic\u00edpios de Timba\u00faba, Camutanga e Ferreiros, at\u00e9 a divisa com a Para\u00edba. Al\u00e9m disso, visitamos mais uma creche em constru\u00e7\u00e3o aqui em Timba\u00faba. S\u00e3o R$ 5,3 milh\u00f5es aplicados na obra. E esta \u00e9 apenas uma das 250 creches que estamos construindo em Pernambuco. Esse \u00e9 o trabalho que temos realizado com seriedade e compromisso, gerando emprego, renda e desenvolvimento, sem deixar ningu\u00e9m para tr\u00e1s&#8221;, afirmou a chefe do Executivo estadual.<\/p>\n<p>O investimento de R$ 63 milh\u00f5es na PE-082 garantir\u00e1 a recupera\u00e7\u00e3o de 23,06 quil\u00f4metros de rodovia, beneficiando diretamente os moradores de Timba\u00faba, Ferreiros, Camutanga e Itamb\u00e9, al\u00e9m de comunidades rurais e usu\u00e1rios que trafegam diariamente pela regi\u00e3o. J\u00e1 as interven\u00e7\u00f5es na PE-089 contar\u00e3o com R$ 22 milh\u00f5es em recursos investidos.<\/p>\n<p>Andr\u00e9 Teixeira Filho, secret\u00e1rio estadual de Mobilidade e Infraestrutura, destacou a import\u00e2ncia das requalifica\u00e7\u00f5es das rodovias em todo o Estado. &#8220;Apenas nos \u00faltimos tr\u00eas meses n\u00f3s lan\u00e7amos 37 licita\u00e7\u00f5es para a recupera\u00e7\u00e3o de estradas. At\u00e9 o final de novembro ser\u00e3o 49 licita\u00e7\u00f5es de novas vias, novas obras que vamos entregar e algumas ordens de servi\u00e7o. Essas a\u00e7\u00f5es significam o direito de ir e vir dos pernambucanos. \u00c9 o governo investindo na dignidade de milhares de pessoas&#8221;, refor\u00e7ou.<\/p>\n<p>O deputado estadual Ant\u00f4nio Moraes, por sua vez, defendeu a recupera\u00e7\u00e3o das vias como um passo importante para o desenvolvimento econ\u00f4mico da Mata Norte. \u201cAs ordens de servi\u00e7o para as restaura\u00e7\u00f5es da PE-082 e PE-089 v\u00e3o beneficiar v\u00e1rias cidades e toda a regi\u00e3o. Essas estradas s\u00e3o importantes porque ligam nossa regi\u00e3o a Jo\u00e3o Pessoa e Campina Grande, na Para\u00edba, e ao Litoral Sul e Norte de Pernambuco. S\u00e3o estradas fundamentais para o desenvolvimento da Mata Norte de Pernambuco\u201d, pontuou.<\/p>\n<p>*EDUCA\u00c7\u00c3O* &#8211; Durante a agenda, a governadora tamb\u00e9m entregou as chaves de um \u00f4nibus escolar para o munic\u00edpio de Timba\u00faba e outro para Camutanga. \u201cO Governo de Pernambuco tem trabalhado de forma cont\u00ednua para garantir que nenhum estudante fique sem acesso \u00e0 escola por falta de transporte. Essas entregas refor\u00e7am o nosso compromisso com a educa\u00e7\u00e3o p\u00fablica de qualidade e com a seguran\u00e7a dos alunos no trajeto di\u00e1rio. Al\u00e9m disso, s\u00e3o resultado direto do Regime de Colabora\u00e7\u00e3o entre o Estado e os munic\u00edpios, que tem sido fundamental para ampliar os investimentos e fortalecer toda a rede de ensino em Pernambuco\u201d, detalhou o secret\u00e1rio de Educa\u00e7\u00e3o, Gilson Monteiro.<\/p>\n<p>A prefeita de Camutanga, Talita de Doda, destacou a import\u00e2ncia da parceria entre Estados e munic\u00edpios para o desenvolvimento regional. &#8220;Muita coisa que as gest\u00f5es anteriores n\u00e3o fizeram, a governadora est\u00e1 transformando em realidade. J\u00e1 t\u00ednhamos cinco \u00f4nibus, e com esse que recebemos hoje a nossa cidade ter\u00e1 seis&#8221;, cravou.<\/p>\n<p>Fechando os compromissos do dia em Timba\u00faba, a governadora vistoriou as obras de uma creche que est\u00e1 sendo erguida pelo Estado no bairro Coronel Maranh\u00e3o. A unidade ser\u00e1 constru\u00edda na Rua Josenito Cavalcanti Pacheco, em uma \u00e1rea de 60 metros x 40 metros. O investimento representa um importante passo para atender \u00e0 crescente demanda da educa\u00e7\u00e3o infantil no munic\u00edpio e oferecer melhores condi\u00e7\u00f5es de ensino para a popula\u00e7\u00e3o local.<\/p>\n<p>A vice-prefeita de Timba\u00faba, Arleide Guerra, destacou a relev\u00e2ncia da chegada da creche ao munic\u00edpio. &#8220;A constru\u00e7\u00e3o da creche pelo Estado est\u00e1 em andamento e vai garantir \u00e0s m\u00e3es e aos pais de Timba\u00faba um espa\u00e7o seguro, onde seus filhos ser\u00e3o bem cuidados e alimentados, possibilitando que as fam\u00edlias tenham mais oportunidades de gerar renda. O custeio do primeiro ano tamb\u00e9m \u00e9 um grande apoio aos munic\u00edpios&#8221;, declarou.<\/p>\n<p>Ap\u00f3s deixar a \u00e1rea onde a creche est\u00e1 sendo constru\u00edda, a governadora Raquel Lyra ainda visitou a constru\u00e7\u00e3o do novo pontilh\u00e3o da Avenida Domingos Veloso Borba, no bairro Timbaubinha, que soma mais R$ 696 mil de investimento do governo estadual. Os servi\u00e7os contemplados no contrato abrangem a constru\u00e7\u00e3o do novo pontilh\u00e3o propriamente dito (movimenta\u00e7\u00e3o de terra, superestrutura e infraestrutura e mesoestrutura), al\u00e9m de sinaliza\u00e7\u00e3o (placas de advert\u00eancia, identifica\u00e7\u00e3o e placa de inaugura\u00e7\u00e3o).<\/p>\n<p>Marcaram presen\u00e7a nas agendas os secret\u00e1rios T\u00falio Vila\u00e7a (Casa Civil) e Simone Nunes (Desenvolvimento Urbano e Habita\u00e7\u00e3o); o diretor-presidente da Companhia Estadual de Habita\u00e7\u00e3o e Obras (Cehab), Paulo Lira; o deputado federal Clodoaldo Magalh\u00e3es e os deputados estaduais Luciano Duque, Gustavo Gouveia e Nino de Enoque; e os prefeitos \u00c9der Waltter (Vic\u00eancia), Henrique Queiroz (Buenos Aires), Pedro Freitas (Alian\u00e7a), Aninha da Ferbom (Nazar\u00e9 da Mata), Albino (Condado), Joel Gonzaga (Feira Nova), Irm\u00e3o Alu\u00edzio (Tracunha\u00e9m), Marco da Ro\u00e7a (Ch\u00e3 de Alegria), Jaiminho (Gl\u00f3ria do Goit\u00e1), Eduarda Gouveia (Carpina), Paulinha da Educa\u00e7\u00e3o (Paudalho) e o presidente da Associa\u00e7\u00e3o Municipalista de Pernambuco (Amupe), Marcelo Gouveia. Seja seguidor do Instagram @portaledvaldomagalhaes.<br \/>\n<span style=\"font-size: revert;\">Fotos: Jana\u00edna Pepeu\/Secom<\/span><\/p>\n","protected":false},"excerpt":{"rendered":"<p>O Governo de Pernambuco segue avan\u00e7ando com a pavimenta\u00e7\u00e3o e requalifica\u00e7\u00e3o de estradas por todo o Estado. Nesta sexta-feira (10),&hellip;<\/p>\n","protected":false},"author":1,"featured_media":123708,"comment_status":"closed","ping_status":"open","sticky":false,"template":"","format":"standard","meta":{"footnotes":""},"categories":[14122],"tags":[13146,20,34634,1229],"class_list":["post-123703","post","type-post","status-publish","format-standard","has-post-thumbnail","hentry","category-politica","tag-blog-edvaldo-magalhaes","tag-politica","tag-portal-edvaldo-magalhaes","tag-raquel-lyra"],"_links":{"self":[{"href":"https:\/\/blogdoedvaldomagalhaes.com.br\/index.php\/wp-json\/wp\/v2\/posts\/123703","targetHints":{"allow":["GET"]}}],"collection":[{"href":"https:\/\/blogdoedvaldomagalhaes.com.br\/index.php\/wp-json\/wp\/v2\/posts"}],"about":[{"href":"https:\/\/blogdoedvaldomagalhaes.com.br\/index.php\/wp-json\/wp\/v2\/types\/post"}],"author":[{"embeddable":true,"href":"https:\/\/blogdoedvaldomagalhaes.com.br\/index.php\/wp-json\/wp\/v2\/users\/1"}],"replies":[{"embeddable":true,"href":"https:\/\/blogdoedvaldomagalhaes.com.br\/index.php\/wp-json\/wp\/v2\/comments?post=123703"}],"version-history":[{"count":2,"href":"https:\/\/blogdoedvaldomagalhaes.com.br\/index.php\/wp-json\/wp\/v2\/posts\/123703\/revisions"}],"predecessor-version":[{"id":123734,"href":"https:\/\/blogdoedvaldomagalhaes.com.br\/index.php\/wp-json\/wp\/v2\/posts\/123703\/revisions\/123734"}],"wp:featuredmedia":[{"embeddable":true,"href":"https:\/\/blogdoedvaldomagalhaes.com.br\/index.php\/wp-json\/wp\/v2\/media\/123708"}],"wp:attachment":[{"href":"https:\/\/blogdoedvaldomagalhaes.com.br\/index.php\/wp-json\/wp\/v2\/media?parent=123703"}],"wp:term":[{"taxonomy":"category","embeddable":true,"href":"https:\/\/blogdoedvaldomagalhaes.com.br\/index.php\/wp-json\/wp\/v2\/categories?post=123703"},{"taxonomy":"post_tag","embeddable":true,"href":"https:\/\/blogdoedvaldomagalhaes.com.br\/index.php\/wp-json\/wp\/v2\/tags?post=123703"}],"curies":[{"name":"wp","href":"https:\/\/api.w.org\/{rel}","templated":true}]}}