{"id":1237,"date":"2018-09-23T03:49:00","date_gmt":"2018-09-23T06:49:00","guid":{"rendered":"http:\/\/blogdoedvaldomagalhaes.com.br\/index.php\/2018\/09\/23\/carroceiro-assassinado-faca-na-zona\/"},"modified":"2019-02-09T02:32:00","modified_gmt":"2019-02-09T04:32:00","slug":"carroceiro-assassinado-faca-na-zona","status":"publish","type":"post","link":"https:\/\/blogdoedvaldomagalhaes.com.br\/index.php\/2018\/09\/23\/carroceiro-assassinado-faca-na-zona\/","title":{"rendered":"Carroceiro assassinado \u00e0 faca na zona rural de Caruaru"},"content":{"rendered":"<div class=\"separator\" style=\"clear: both; text-align: center;\">\n<a href=\"https:\/\/1.bp.blogspot.com\/-ENZU575ZbpY\/W6cNA7WM6II\/AAAAAAAA6eo\/4TugUA8EzXw3mNv8o0YOt4iiqb8jLfG0QCLcBGAs\/s1600\/pm.jpg\" imageanchor=\"1\" style=\"margin-left: 1em; margin-right: 1em;\"><img loading=\"lazy\" decoding=\"async\" border=\"0\" data-original-height=\"636\" data-original-width=\"1024\" height=\"392\" src=\"http:\/\/blogdoedvaldomagalhaes.com.br\/wp-content\/uploads\/2018\/09\/pm-3.jpg\" width=\"640\" \/><\/a><\/div>\n<p><\/p>\n<div style=\"text-align: justify;\">\nO carroceiro Evaldo Jos\u00e9 da Silva, de 38 anos de idade, foi assassinado a golpes de faca peixeira na noite desse s\u00e1bado (22). Segundo informa\u00e7\u00f5es, a v\u00edtima trabalhava na Central de Abastecimento de Caruaru (Ceaca), e nos fins de semana gostava de beber com amigos em um bar na Vila Cip\u00f3.&nbsp;<\/p>\n<p><\/p>\n<div class=\"separator\" style=\"clear: both; text-align: center;\">\n<a href=\"https:\/\/3.bp.blogspot.com\/-I2sBCdJ2Bw0\/W6eOvTTAHbI\/AAAAAAAA6gI\/w2WqIYHH7Uk_YTZqdKnUjeyWzR3OmlRiACLcBGAs\/s1600\/IMG-20180923-WA0012.jpg\" imageanchor=\"1\" style=\"margin-left: 1em; margin-right: 1em;\"><img loading=\"lazy\" decoding=\"async\" border=\"0\" data-original-height=\"584\" data-original-width=\"1040\" height=\"356\" src=\"http:\/\/blogdoedvaldomagalhaes.com.br\/wp-content\/uploads\/2018\/09\/IMG-20180923-WA0012.jpg\" width=\"640\" \/><\/a><\/div>\n<p>\nPopulares contaram que o&nbsp;crime de morte aconteceu por volta das 21h, a&nbsp;v\u00edtima estava em um bar quando discutiu com outra pessoa que at\u00e9 presente momento n\u00e3o identificada, ap\u00f3s a confus\u00e3o o propriet\u00e1rio do bar fechou as portas e os mesmos continuaram discutindo, momento este que a v\u00edtima foi esfaqueada por dois golpes de faca. Mesmo esfaqueado o mesmo saiu andando cerca de 200 metros, onde tombou sem vida.&nbsp;O corpo da v\u00edtima foi levado para o IML de Caruaru.<\/p>\n<p><\/p>\n<div class=\"separator\" style=\"clear: both; text-align: center;\">\n<a href=\"https:\/\/1.bp.blogspot.com\/-3WUqf0TUh4k\/W6eO388LSWI\/AAAAAAAA6gM\/jZ-lOuGDS8sD1xT8uex7IP9V0hTv-wAHACLcBGAs\/s1600\/IMG-20180923-WA0013.jpg\" imageanchor=\"1\" style=\"margin-left: 1em; margin-right: 1em;\"><img loading=\"lazy\" decoding=\"async\" border=\"0\" data-original-height=\"584\" data-original-width=\"1040\" height=\"356\" src=\"http:\/\/blogdoedvaldomagalhaes.com.br\/wp-content\/uploads\/2018\/09\/IMG-20180923-WA0013.jpg\" width=\"640\" \/><\/a><\/div>\n<p>\nEste foi o 10\u00ba homic\u00eddio no m\u00eas de setembro e o 127\u00ba do ano em Caruaru.<\/div>\n","protected":false},"excerpt":{"rendered":"<p>O carroceiro Evaldo Jos\u00e9 da Silva, de 38 anos de idade, foi assassinado a golpes de faca peixeira na noite&hellip;<\/p>\n","protected":false},"author":1,"featured_media":0,"comment_status":"open","ping_status":"open","sticky":false,"template":"","format":"standard","meta":{"footnotes":""},"categories":[1],"tags":[2,1194,13],"class_list":["post-1237","post","type-post","status-publish","format-standard","hentry","category-sem-categoria","tag-blog-do-edvaldo-magalhaes","tag-carroceiro-assassinado-a-faca-na-zona-rural-de-caruaru","tag-policial"],"_links":{"self":[{"href":"https:\/\/blogdoedvaldomagalhaes.com.br\/index.php\/wp-json\/wp\/v2\/posts\/1237","targetHints":{"allow":["GET"]}}],"collection":[{"href":"https:\/\/blogdoedvaldomagalhaes.com.br\/index.php\/wp-json\/wp\/v2\/posts"}],"about":[{"href":"https:\/\/blogdoedvaldomagalhaes.com.br\/index.php\/wp-json\/wp\/v2\/types\/post"}],"author":[{"embeddable":true,"href":"https:\/\/blogdoedvaldomagalhaes.com.br\/index.php\/wp-json\/wp\/v2\/users\/1"}],"replies":[{"embeddable":true,"href":"https:\/\/blogdoedvaldomagalhaes.com.br\/index.php\/wp-json\/wp\/v2\/comments?post=1237"}],"version-history":[{"count":1,"href":"https:\/\/blogdoedvaldomagalhaes.com.br\/index.php\/wp-json\/wp\/v2\/posts\/1237\/revisions"}],"predecessor-version":[{"id":34282,"href":"https:\/\/blogdoedvaldomagalhaes.com.br\/index.php\/wp-json\/wp\/v2\/posts\/1237\/revisions\/34282"}],"wp:attachment":[{"href":"https:\/\/blogdoedvaldomagalhaes.com.br\/index.php\/wp-json\/wp\/v2\/media?parent=1237"}],"wp:term":[{"taxonomy":"category","embeddable":true,"href":"https:\/\/blogdoedvaldomagalhaes.com.br\/index.php\/wp-json\/wp\/v2\/categories?post=1237"},{"taxonomy":"post_tag","embeddable":true,"href":"https:\/\/blogdoedvaldomagalhaes.com.br\/index.php\/wp-json\/wp\/v2\/tags?post=1237"}],"curies":[{"name":"wp","href":"https:\/\/api.w.org\/{rel}","templated":true}]}}