{"id":123697,"date":"2025-10-11T12:54:43","date_gmt":"2025-10-11T15:54:43","guid":{"rendered":"https:\/\/blogdoedvaldomagalhaes.com.br\/?p=123697"},"modified":"2025-10-11T13:01:23","modified_gmt":"2025-10-11T16:01:23","slug":"motocicleta-e-carro-roubados-sao-recuperados-pela-prf","status":"publish","type":"post","link":"https:\/\/blogdoedvaldomagalhaes.com.br\/index.php\/2025\/10\/11\/motocicleta-e-carro-roubados-sao-recuperados-pela-prf\/","title":{"rendered":"Motocicleta e carro roubados s\u00e3o recuperados pela PRF"},"content":{"rendered":"<p>Uma motocicleta e um carro roubados foram recuperados, na sexta-feira (10), pela Pol\u00edcia Rodovi\u00e1ria Federal (PRF). Os flagrantes foram realizados durante fiscaliza\u00e7\u00f5es na BR 423, em Garanhuns, no Agreste pernambucano.<\/p>\n<p>No come\u00e7o da tarde, a equipe do Grupo de Patrulhamento T\u00e1tico da PRF avistou uma moto transitando com a placa diferente do padr\u00e3o e localizou o ve\u00edculo em frente a um restaurante da cidade. Um homem se apresentou como propriet\u00e1rio e apresentou o documento \u00e0 equipe.<\/p>\n<p>Em consulta, foram descobertos sinais de adultera\u00e7\u00e3o e um registro de roubo em Sair\u00e9, em novembro de 2022. O dono alegou que havia adquirido a moto h\u00e1 3 anos em uma loja de Caruaru.<\/p>\n<p><img loading=\"lazy\" decoding=\"async\" src=\"https:\/\/blogdoedvaldomagalhaes.com.br\/wp-content\/uploads\/2025\/10\/img-20251011-wa00622393313387587224786.jpg\" class=\"wp-image-123701 alignnone size-full\" width=\"1600\" height=\"720\" srcset=\"https:\/\/blogdoedvaldomagalhaes.com.br\/wp-content\/uploads\/2025\/10\/img-20251011-wa00622393313387587224786.jpg 1600w, https:\/\/blogdoedvaldomagalhaes.com.br\/wp-content\/uploads\/2025\/10\/img-20251011-wa00622393313387587224786-300x135.jpg 300w, https:\/\/blogdoedvaldomagalhaes.com.br\/wp-content\/uploads\/2025\/10\/img-20251011-wa00622393313387587224786-1024x461.jpg 1024w, https:\/\/blogdoedvaldomagalhaes.com.br\/wp-content\/uploads\/2025\/10\/img-20251011-wa00622393313387587224786-768x346.jpg 768w, https:\/\/blogdoedvaldomagalhaes.com.br\/wp-content\/uploads\/2025\/10\/img-20251011-wa00622393313387587224786-1536x691.jpg 1536w\" sizes=\"auto, (max-width: 1600px) 100vw, 1600px\" \/><\/p>\n<p>J\u00e1 durante a noite, os policiais abordaram um carro pr\u00f3ximo ao Hospital Dom Moura. Ap\u00f3s consulta, foi descoberto um registro de roubo em abril deste ano, na cidade de Paulista. O motorista alegou que havia comprado o carro h\u00e1 quatro meses na cidade de Cal\u00e7ado por R$52 mil.<\/p>\n<p>Os dois condutores foram encaminhados junto com os ve\u00edculos \u00e0 Delegacia de Pol\u00edcia Civil de Garanhuns.<br \/>\nSiga o Instagram @portaledvaldomagalhaes<br \/>\nFotos: Divulga\u00e7\u00e3o\/PRF<\/p>\n","protected":false},"excerpt":{"rendered":"<p>Uma motocicleta e um carro roubados foram recuperados, na sexta-feira (10), pela Pol\u00edcia Rodovi\u00e1ria Federal (PRF). Os flagrantes foram realizados&hellip;<\/p>\n","protected":false},"author":1,"featured_media":123700,"comment_status":"closed","ping_status":"open","sticky":false,"template":"","format":"standard","meta":{"footnotes":""},"categories":[14121],"tags":[13146,34962,34634],"class_list":["post-123697","post","type-post","status-publish","format-standard","has-post-thumbnail","hentry","category-policial","tag-blog-edvaldo-magalhaes","tag-motocicleta-e-carro-roubados-sao-recuperados-pela-prf-em-garanhuns","tag-portal-edvaldo-magalhaes"],"_links":{"self":[{"href":"https:\/\/blogdoedvaldomagalhaes.com.br\/index.php\/wp-json\/wp\/v2\/posts\/123697","targetHints":{"allow":["GET"]}}],"collection":[{"href":"https:\/\/blogdoedvaldomagalhaes.com.br\/index.php\/wp-json\/wp\/v2\/posts"}],"about":[{"href":"https:\/\/blogdoedvaldomagalhaes.com.br\/index.php\/wp-json\/wp\/v2\/types\/post"}],"author":[{"embeddable":true,"href":"https:\/\/blogdoedvaldomagalhaes.com.br\/index.php\/wp-json\/wp\/v2\/users\/1"}],"replies":[{"embeddable":true,"href":"https:\/\/blogdoedvaldomagalhaes.com.br\/index.php\/wp-json\/wp\/v2\/comments?post=123697"}],"version-history":[{"count":2,"href":"https:\/\/blogdoedvaldomagalhaes.com.br\/index.php\/wp-json\/wp\/v2\/posts\/123697\/revisions"}],"predecessor-version":[{"id":123702,"href":"https:\/\/blogdoedvaldomagalhaes.com.br\/index.php\/wp-json\/wp\/v2\/posts\/123697\/revisions\/123702"}],"wp:featuredmedia":[{"embeddable":true,"href":"https:\/\/blogdoedvaldomagalhaes.com.br\/index.php\/wp-json\/wp\/v2\/media\/123700"}],"wp:attachment":[{"href":"https:\/\/blogdoedvaldomagalhaes.com.br\/index.php\/wp-json\/wp\/v2\/media?parent=123697"}],"wp:term":[{"taxonomy":"category","embeddable":true,"href":"https:\/\/blogdoedvaldomagalhaes.com.br\/index.php\/wp-json\/wp\/v2\/categories?post=123697"},{"taxonomy":"post_tag","embeddable":true,"href":"https:\/\/blogdoedvaldomagalhaes.com.br\/index.php\/wp-json\/wp\/v2\/tags?post=123697"}],"curies":[{"name":"wp","href":"https:\/\/api.w.org\/{rel}","templated":true}]}}