{"id":123694,"date":"2025-10-11T12:48:11","date_gmt":"2025-10-11T15:48:11","guid":{"rendered":"https:\/\/blogdoedvaldomagalhaes.com.br\/?p=123694"},"modified":"2025-10-11T12:48:11","modified_gmt":"2025-10-11T15:48:11","slug":"carro-roubado-e-clonado-duas-vezes-e-recuperado-pela-prf","status":"publish","type":"post","link":"https:\/\/blogdoedvaldomagalhaes.com.br\/index.php\/2025\/10\/11\/carro-roubado-e-clonado-duas-vezes-e-recuperado-pela-prf\/","title":{"rendered":"Carro roubado e clonado duas vezes \u00e9 recuperado pela PRF"},"content":{"rendered":"<p>Um carro que havia sido roubado e clonado duas vezes em menos de seis meses foi recuperado, na sexta-feira (10), pela Pol\u00edcia Rodovi\u00e1ria Federal (PRF), na BR 407, em Juazeiro, na Bahia. O motorista do ve\u00edculo era inabilitado e alegou que havia pego o ve\u00edculo com um primo.<\/p>\n<p>Policiais do Grupo de Patrulhamento T\u00e1tico de Petrolina realizavam uma fiscaliza\u00e7\u00e3o na Ponte Presidente Dutra, quando abordaram um carro com placas do Mercosul. Durante uma verifica\u00e7\u00e3o detalhada, foi descoberto que o ve\u00edculo portava placas clonadas e possu\u00eda um registro de roubo em abril deste ano na cidade de Limeira\/SP.<\/p>\n<p>A equipe descobriu ainda que o ve\u00edculo j\u00e1 havia sido roubado anteriormente e clonado com outra placa.<\/p>\n<p>O motorista disse que desconhecia a origem do carro e foi encaminhado \u00e0 Delegacia de Pol\u00edcia Civil de Juazeiro. Ele poder\u00e1 responder por recepta\u00e7\u00e3o e adultera\u00e7\u00e3o de sinal identificador de ve\u00edculo.<br \/>\nSeja seguidor do Instagram @portaledvaldomagalhaes<br \/>\nFoto: Divulga\u00e7\u00e3o\/PRF<\/p>\n","protected":false},"excerpt":{"rendered":"<p>Um carro que havia sido roubado e clonado duas vezes em menos de seis meses foi recuperado, na sexta-feira (10),&hellip;<\/p>\n","protected":false},"author":1,"featured_media":123695,"comment_status":"closed","ping_status":"open","sticky":false,"template":"","format":"standard","meta":{"footnotes":""},"categories":[14121],"tags":[13146,34961,34634],"class_list":["post-123694","post","type-post","status-publish","format-standard","has-post-thumbnail","hentry","category-policial","tag-blog-edvaldo-magalhaes","tag-carro-roubado-e-clonado-duas-vezes-e-recuperado-pela-prf","tag-portal-edvaldo-magalhaes"],"_links":{"self":[{"href":"https:\/\/blogdoedvaldomagalhaes.com.br\/index.php\/wp-json\/wp\/v2\/posts\/123694","targetHints":{"allow":["GET"]}}],"collection":[{"href":"https:\/\/blogdoedvaldomagalhaes.com.br\/index.php\/wp-json\/wp\/v2\/posts"}],"about":[{"href":"https:\/\/blogdoedvaldomagalhaes.com.br\/index.php\/wp-json\/wp\/v2\/types\/post"}],"author":[{"embeddable":true,"href":"https:\/\/blogdoedvaldomagalhaes.com.br\/index.php\/wp-json\/wp\/v2\/users\/1"}],"replies":[{"embeddable":true,"href":"https:\/\/blogdoedvaldomagalhaes.com.br\/index.php\/wp-json\/wp\/v2\/comments?post=123694"}],"version-history":[{"count":1,"href":"https:\/\/blogdoedvaldomagalhaes.com.br\/index.php\/wp-json\/wp\/v2\/posts\/123694\/revisions"}],"predecessor-version":[{"id":123696,"href":"https:\/\/blogdoedvaldomagalhaes.com.br\/index.php\/wp-json\/wp\/v2\/posts\/123694\/revisions\/123696"}],"wp:featuredmedia":[{"embeddable":true,"href":"https:\/\/blogdoedvaldomagalhaes.com.br\/index.php\/wp-json\/wp\/v2\/media\/123695"}],"wp:attachment":[{"href":"https:\/\/blogdoedvaldomagalhaes.com.br\/index.php\/wp-json\/wp\/v2\/media?parent=123694"}],"wp:term":[{"taxonomy":"category","embeddable":true,"href":"https:\/\/blogdoedvaldomagalhaes.com.br\/index.php\/wp-json\/wp\/v2\/categories?post=123694"},{"taxonomy":"post_tag","embeddable":true,"href":"https:\/\/blogdoedvaldomagalhaes.com.br\/index.php\/wp-json\/wp\/v2\/tags?post=123694"}],"curies":[{"name":"wp","href":"https:\/\/api.w.org\/{rel}","templated":true}]}}